{"id":13967,"date":"2024-01-25T11:47:26","date_gmt":"2024-01-25T11:47:26","guid":{"rendered":"https:\/\/principesdeparis.es\/principes\/?p=13967"},"modified":"2024-01-25T11:47:26","modified_gmt":"2024-01-25T11:47:26","slug":"la-aficion-contra-lo-inexplicable","status":"publish","type":"post","link":"https:\/\/principesdeparis.es\/principes\/la-aficion-contra-lo-inexplicable\/","title":{"rendered":"La afici\u00f3n contra lo inexplicable"},"content":{"rendered":"<p>Los errores provocados por los \u00e1rbitros interpretando las im\u00e1genes del VAR son cada vez m\u00e1s evidentes y comentados por los aficionados y los medios de comunicaci\u00f3n. La eterna lucha entre el Real Madrid y el FC Barcelona, que ahora se maneja como arma pol\u00edtica en esta deriva del independentismo, ocupa muchos minutos de radio y televisi\u00f3n adem\u00e1s de estallar en las redes sociales. Una buena forma de disminuir la atenci\u00f3n sobre el descalabro pol\u00edtico de este pa\u00eds que est\u00e1 destruy\u00e9ndose a s\u00ed mismo.<\/p>\n<p>El espect\u00e1culo del viernes con motivo del aplazamiento del partido en la Romareda fue inexplicable. Ya se hab\u00eda advertido de la nevada que iba a caer en Zaragoza por la Agencia Estatal de Meteorolog\u00eda y, pese a todo, se intent\u00f3 jugar el encuentro. Comunicados desde el Ayuntamiento a la ciudadan\u00eda para que no salieran de sus casas y cierre de diferentes l\u00edneas de autobuses no fueron suficiente para que entrasen cerca de un millar de personas tras la apertura de las puertas. El \u00e1rbitro esperaba \u00f3rdenes, el mini tractor y los empleados del club con sus palas dejaban al descubierto el dibujo del terreno de juego y los responsables del Andorra insistiendo en que el partido deb\u00eda disputarse; las redes sociales del Real Zaragoza sin decir nada durante m\u00e1s de tres horas hasta que sali\u00f3 una nota oficial comentando que podr\u00eda suspenderse el partido. Los jugadores mirando desde las gradas, los informadores en la sala de prensa, las c\u00e1maras de TV que eran las mismas que deb\u00edan utilizarse en Cornell\u00e1 al d\u00eda siguiente&#8230; Y pasada la una de la madrugada la decisi\u00f3n de la jueza comunicando que el partido se disputaba el s\u00e1bado a las cuatro y cuarto. Afortunadamente se gan\u00f3 y se sumaron los tres puntos con una acertada actuaci\u00f3n de Bad\u00eda.<\/p>\n<p>Se supo despu\u00e9s que la meniscopat\u00eda de Bakis iba por buen camino y que Enrich contaba con la confianza del cuerpo t\u00e9cnico, adem\u00e1s de ser efectiva la recuperaci\u00f3n de Az\u00f3n. Solamente queda que Cordero acierte para fortalecer la plantilla. Y mientras tanto, pase lo que pase, la afici\u00f3n sigue adelante. Las entradas para Alcorc\u00f3n fueron compradas el primer d\u00eda de su puesta a la venta y se cree que, si se gana en Santo Domingo, la lucha ser\u00e1 para el playoff. Espero que los jugadores sepan responder a la fe del zaragocismo.<\/p>\n","protected":false},"excerpt":{"rendered":"<p>Los errores provocados por los \u00e1rbitros interpretando las im\u00e1genes del VAR son cada vez m\u00e1s evidentes y comentados por los aficionados y los medios de comunicaci\u00f3n. La eterna lucha entre el Real Madrid y el FC Barcelona, que ahora se maneja como arma pol\u00edtica en esta deriva del independentismo, ocupa <a class=\"read-more\" href=\"https:\/\/principesdeparis.es\/principes\/la-aficion-contra-lo-inexplicable\/\">Sigue leyendo<\/a><\/p>\n","protected":false},"author":3,"featured_media":13968,"comment_status":"open","ping_status":"open","sticky":false,"template":"","format":"standard","meta":{"footnotes":""},"categories":[16,13],"tags":[],"class_list":["post-13967","post","type-post","status-publish","format-standard","has-post-thumbnail","hentry","category-el10","category-publicidad"],"_links":{"self":[{"href":"https:\/\/principesdeparis.es\/principes\/wp-json\/wp\/v2\/posts\/13967","targetHints":{"allow":["GET"]}}],"collection":[{"href":"https:\/\/principesdeparis.es\/principes\/wp-json\/wp\/v2\/posts"}],"about":[{"href":"https:\/\/principesdeparis.es\/principes\/wp-json\/wp\/v2\/types\/post"}],"author":[{"embeddable":true,"href":"https:\/\/principesdeparis.es\/principes\/wp-json\/wp\/v2\/users\/3"}],"replies":[{"embeddable":true,"href":"https:\/\/principesdeparis.es\/principes\/wp-json\/wp\/v2\/comments?post=13967"}],"version-history":[{"count":1,"href":"https:\/\/principesdeparis.es\/principes\/wp-json\/wp\/v2\/posts\/13967\/revisions"}],"predecessor-version":[{"id":13969,"href":"https:\/\/principesdeparis.es\/principes\/wp-json\/wp\/v2\/posts\/13967\/revisions\/13969"}],"wp:featuredmedia":[{"embeddable":true,"href":"https:\/\/principesdeparis.es\/principes\/wp-json\/wp\/v2\/media\/13968"}],"wp:attachment":[{"href":"https:\/\/principesdeparis.es\/principes\/wp-json\/wp\/v2\/media?parent=13967"}],"wp:term":[{"taxonomy":"category","embeddable":true,"href":"https:\/\/principesdeparis.es\/principes\/wp-json\/wp\/v2\/categories?post=13967"},{"taxonomy":"post_tag","embeddable":true,"href":"https:\/\/principesdeparis.es\/principes\/wp-json\/wp\/v2\/tags?post=13967"}],"curies":[{"name":"wp","href":"https:\/\/api.w.org\/{rel}","templated":true}]}}