{"id":13983,"date":"2024-01-27T14:13:28","date_gmt":"2024-01-27T14:13:28","guid":{"rendered":"https:\/\/principesdeparis.es\/principes\/?p=13983"},"modified":"2024-01-27T14:41:59","modified_gmt":"2024-01-27T14:41:59","slug":"grau-unica-novedad-en-santo-domingo","status":"publish","type":"post","link":"https:\/\/principesdeparis.es\/principes\/grau-unica-novedad-en-santo-domingo\/","title":{"rendered":"Grau, \u00fanica novedad en Santo Domingo"},"content":{"rendered":"<p>Julio Vel\u00e1zquez agita lo justo el \u00e1rbol en la alineaci\u00f3n frente al Alcorc\u00f3n, partido donde el t\u00e9cnico salmantino buscar\u00e1 por primera vez su segunda victoria consecutiva al frente del Real Zaragoza. Jaume Grau entra en la medular por el sancionado Toni Moya y el resto del equipo es el mismo que se impuso hace una semana al Andorra en La Romareda, incluido Mollejo, quien repetir\u00e1 como carrilero zurdo.<\/p>\n<p>Otro detalle a destacar es que el entrenador ha considerado oportuno que Llu\u00eds L\u00f3pez se mantenga en el once pese al regreso de Jair tras cumplir sanci\u00f3n por acumulaci\u00f3n de tarjetas. El catal\u00e1n tuvo una alta sinton\u00eda con Mouri\u00f1o y Franc\u00e9s en el anterior encuentro y le ha servido de aval para desplazar al portugu\u00e9s, un futbolista de altas prestaciones defensivas que esta temporada ha rebajado considerablemente su rendimiento. El frente de ataque pertenece al pichichi Maikel Mesa y a Iv\u00e1n Az\u00f3n.<\/p>\n<p>El Real Zaragoza se enfrenta a un Alcorc\u00f3n que hace cinco semanas estaba en el pozo y que desde la llegada de Nafti al banquillo por Fran Fern\u00e1ndez se ha disparado con tres victorias y un empate que le han servido para abandonar la zona de descenso. Ning\u00fan otro conjunto de la categor\u00eda ha sumado m\u00e1s puntos en este periodo que el alfarero.<\/p>\n<p>Pese a esa racha, el cuadro blanquillo s\u00f3lo debe contemplar el triunfo en este desplazamiento si pretende ponerse a la cola de la taquilla donde se expenden billetes para la promoci\u00f3n. Un tropiezo, incluso un empate, rebajar\u00eda considerablemente sus opciones de rengancharse con el concurrido vag\u00f3n de aspirantes al playoff. Su rival en esta ocasi\u00f3n pertenece a la tipolog\u00eda de equipos que se le suelen atragantar, los que le exigen un derroche extra de energ\u00eda y se lanzan a la yugular sin contemplaciones. Gran parte de su \u00e9xito reside en la capacidad que tenga para contrarrestar esa presi\u00f3n atmosf\u00e9rica y las acciones a bal\u00f3n parado, de las que el Alcorc\u00f3n saca bastante jugo.<\/p>\n<p>Tambi\u00e9n tendr\u00e1 que elevar su nivel ofensivo y no dejarlo todo a que las musas iluminen a Mesa o a que G\u00e1mez asista e incluso marque por una banda en la que est\u00e1 disfrutando desde la imposici\u00f3n del plan de los cinco defensas. El trabajo de Aguado y sobre todo Francho, cuya inspiraci\u00f3n va a m\u00e1s cada jornada, ser\u00e1 una de las claves para contener al adversario y lanzar al Real Zaragoza a por una victoria que necesita con urgencia antes de recibir al Sporting y viajar a Eibar. De este resultado, posiblemente, depender\u00e1 en qu\u00e9 forma y fondo se reforzar\u00e1 el conjunto aragon\u00e9s en el mercado de invierno que se cierra el pr\u00f3ximo mi\u00e9rcoles. Los tres puntos podr\u00edan frenar algunas operaciones o negociaciones que ya est\u00e1n en marcha.<\/p>\n<p>&nbsp;<\/p>\n<p>La alineaci\u00f3n del Alcorc\u00f3n<\/p>\n<blockquote class=\"twitter-tweet\">\n<p dir=\"ltr\" lang=\"es\">\u00a1Nuestro ! <a href=\"https:\/\/twitter.com\/hashtag\/VamosAlcor?src=hash&amp;ref_src=twsrc%5Etfw\">#VamosAlcor<\/a> <a href=\"https:\/\/twitter.com\/hashtag\/AlcorconRealZaragoza?src=hash&amp;ref_src=twsrc%5Etfw\">#AlcorconRealZaragoza<\/a> <a href=\"https:\/\/twitter.com\/hashtag\/LaLigaHypermotion?src=hash&amp;ref_src=twsrc%5Etfw\">#LaLigaHypermotion<\/a> <a href=\"https:\/\/t.co\/29rx7ajd2S\">pic.twitter.com\/29rx7ajd2S<\/a><\/p>\n<p>\u2014 A.D. Alcorc\u00f3n (@AD_Alcorcon) <a href=\"https:\/\/twitter.com\/AD_Alcorcon\/status\/1751247468916805806?ref_src=twsrc%5Etfw\">January 27, 2024<\/a><\/p><\/blockquote>\n<p><script async src=\"https:\/\/platform.twitter.com\/widgets.js\" charset=\"utf-8\"><\/script><\/p>\n","protected":false},"excerpt":{"rendered":"<p>Julio Vel\u00e1zquez agita lo justo el \u00e1rbol en la alineaci\u00f3n frente al Alcorc\u00f3n, partido donde el t\u00e9cnico salmantino buscar\u00e1 por primera vez su segunda victoria consecutiva al frente del Real Zaragoza. Jaume Grau entra en la medular por el sancionado Toni Moya y el resto del equipo es el mismo <a class=\"read-more\" href=\"https:\/\/principesdeparis.es\/principes\/grau-unica-novedad-en-santo-domingo\/\">Sigue leyendo<\/a><\/p>\n","protected":false},"author":2,"featured_media":13984,"comment_status":"open","ping_status":"open","sticky":false,"template":"","format":"standard","meta":{"footnotes":""},"categories":[13,1],"tags":[],"class_list":["post-13983","post","type-post","status-publish","format-standard","has-post-thumbnail","hentry","category-publicidad","category-real-zaragoza"],"_links":{"self":[{"href":"https:\/\/principesdeparis.es\/principes\/wp-json\/wp\/v2\/posts\/13983","targetHints":{"allow":["GET"]}}],"collection":[{"href":"https:\/\/principesdeparis.es\/principes\/wp-json\/wp\/v2\/posts"}],"about":[{"href":"https:\/\/principesdeparis.es\/principes\/wp-json\/wp\/v2\/types\/post"}],"author":[{"embeddable":true,"href":"https:\/\/principesdeparis.es\/principes\/wp-json\/wp\/v2\/users\/2"}],"replies":[{"embeddable":true,"href":"https:\/\/principesdeparis.es\/principes\/wp-json\/wp\/v2\/comments?post=13983"}],"version-history":[{"count":14,"href":"https:\/\/principesdeparis.es\/principes\/wp-json\/wp\/v2\/posts\/13983\/revisions"}],"predecessor-version":[{"id":13998,"href":"https:\/\/principesdeparis.es\/principes\/wp-json\/wp\/v2\/posts\/13983\/revisions\/13998"}],"wp:featuredmedia":[{"embeddable":true,"href":"https:\/\/principesdeparis.es\/principes\/wp-json\/wp\/v2\/media\/13984"}],"wp:attachment":[{"href":"https:\/\/principesdeparis.es\/principes\/wp-json\/wp\/v2\/media?parent=13983"}],"wp:term":[{"taxonomy":"category","embeddable":true,"href":"https:\/\/principesdeparis.es\/principes\/wp-json\/wp\/v2\/categories?post=13983"},{"taxonomy":"post_tag","embeddable":true,"href":"https:\/\/principesdeparis.es\/principes\/wp-json\/wp\/v2\/tags?post=13983"}],"curies":[{"name":"wp","href":"https:\/\/api.w.org\/{rel}","templated":true}]}}