{"id":14155,"date":"2024-02-08T14:00:35","date_gmt":"2024-02-08T14:00:35","guid":{"rendered":"https:\/\/principesdeparis.es\/principes\/?p=14155"},"modified":"2024-02-08T14:00:35","modified_gmt":"2024-02-08T14:00:35","slug":"el-arte-de-gestionar-las-emociones","status":"publish","type":"post","link":"https:\/\/principesdeparis.es\/principes\/el-arte-de-gestionar-las-emociones\/","title":{"rendered":"El arte de gestionar las emociones"},"content":{"rendered":"<p>Lo he comentado con tono ir\u00f3nico y divertido otras veces con la provocadora manera de ser que quiero que me caracterice: \u00abOcurra lo que ocurra, jam\u00e1s digas despu\u00e9s de una serie de tragedias consecutivas, \u00a1qu\u00e9 m\u00e1s me puede pasar!\u00bb. Excepto la muerte como final de la existencia, estamos abocados a experimentar incontables desastres que puedan desollarnos y quedarnos sin voz para gritar de dolor. En la misma l\u00ednea siempre digo con la experiencia de una vida amplia e intensa que \u00abtodo es susceptible de empeorar\u00bb. Esta reflexi\u00f3n en voz alta que procuro trasladar a mi c\u00edrculo m\u00e1s cercano coincide con mi apreciaci\u00f3n del sentimiento zaragocista. Con una victoria se cree en la posibilidad del ascenso y con una derrota hasta los cincuenta puntos est\u00e1n muy lejanos. Y ni te cuento si le ganas al Sporting de Gij\u00f3n en la Romareda pero pierdes por una grave lesi\u00f3n a Guti, el espartano que iba a levantar su espada y unir al equipo en pos del deseo colectivo de regresar a Primera Divisi\u00f3n.<\/p>\n<p>He luchado por conseguir gestionar mis emociones hasta parecer no sentirlas y que mi respiraci\u00f3n y pulsaciones sean lentas mientras asimilo un contratiempo. Adem\u00e1s de no perder nunca la raz\u00f3n por actuar de manera beligerante, sorprendes al provocador porque no est\u00e1 preparado para ello. En consecuencia no me planteo el ascenso esta temporada de la misma forma que no creo en que se puedan tener problemas de permanencia, mientras dejo la puerta abierta a la posibilidad de conseguir un puesto en la promoci\u00f3n y luchar con valent\u00eda para ello. Todo esto con la exigencia a los jugadores, cuerpo t\u00e9cnico, director deportivo, director general y quien le traslade a Sanlleh\u00ed las \u00f3rdenes oportunas en nombre de la propiedad. Falta una persona reconocida y con la suficiente historia para desempe\u00f1ar el papel de interlocutor entre la afici\u00f3n y el consejo de administraci\u00f3n y entre \u00e9ste y el zaragocismo.<\/p>\n<p>El f\u00fatbol espa\u00f1ol est\u00e1 enfermo y su calidad media ha descendido de tal manera que en los pr\u00f3ximos a\u00f1os estaremos al borde del precipicio. Por eso es fundamental crear una v\u00eda de combate que, desde la soledad m\u00e1s absoluta, una a la plantilla y a la afici\u00f3n para elevar el nivel de intensidad y combatividad. Lograr la inmortalidad sin temer la p\u00e9rdida de la vida en el intento.<\/p>\n","protected":false},"excerpt":{"rendered":"<p>Lo he comentado con tono ir\u00f3nico y divertido otras veces con la provocadora manera de ser que quiero que me caracterice: \u00abOcurra lo que ocurra, jam\u00e1s digas despu\u00e9s de una serie de tragedias consecutivas, \u00a1qu\u00e9 m\u00e1s me puede pasar!\u00bb. Excepto la muerte como final de la existencia, estamos abocados a <a class=\"read-more\" href=\"https:\/\/principesdeparis.es\/principes\/el-arte-de-gestionar-las-emociones\/\">Sigue leyendo<\/a><\/p>\n","protected":false},"author":3,"featured_media":13968,"comment_status":"open","ping_status":"open","sticky":false,"template":"","format":"standard","meta":{"footnotes":""},"categories":[16,13],"tags":[],"class_list":["post-14155","post","type-post","status-publish","format-standard","has-post-thumbnail","hentry","category-el10","category-publicidad"],"_links":{"self":[{"href":"https:\/\/principesdeparis.es\/principes\/wp-json\/wp\/v2\/posts\/14155","targetHints":{"allow":["GET"]}}],"collection":[{"href":"https:\/\/principesdeparis.es\/principes\/wp-json\/wp\/v2\/posts"}],"about":[{"href":"https:\/\/principesdeparis.es\/principes\/wp-json\/wp\/v2\/types\/post"}],"author":[{"embeddable":true,"href":"https:\/\/principesdeparis.es\/principes\/wp-json\/wp\/v2\/users\/3"}],"replies":[{"embeddable":true,"href":"https:\/\/principesdeparis.es\/principes\/wp-json\/wp\/v2\/comments?post=14155"}],"version-history":[{"count":1,"href":"https:\/\/principesdeparis.es\/principes\/wp-json\/wp\/v2\/posts\/14155\/revisions"}],"predecessor-version":[{"id":14156,"href":"https:\/\/principesdeparis.es\/principes\/wp-json\/wp\/v2\/posts\/14155\/revisions\/14156"}],"wp:featuredmedia":[{"embeddable":true,"href":"https:\/\/principesdeparis.es\/principes\/wp-json\/wp\/v2\/media\/13968"}],"wp:attachment":[{"href":"https:\/\/principesdeparis.es\/principes\/wp-json\/wp\/v2\/media?parent=14155"}],"wp:term":[{"taxonomy":"category","embeddable":true,"href":"https:\/\/principesdeparis.es\/principes\/wp-json\/wp\/v2\/categories?post=14155"},{"taxonomy":"post_tag","embeddable":true,"href":"https:\/\/principesdeparis.es\/principes\/wp-json\/wp\/v2\/tags?post=14155"}],"curies":[{"name":"wp","href":"https:\/\/api.w.org\/{rel}","templated":true}]}}