{"id":14311,"date":"2024-02-23T16:35:29","date_gmt":"2024-02-23T16:35:29","guid":{"rendered":"https:\/\/principesdeparis.es\/principes\/?p=14311"},"modified":"2024-02-23T16:46:00","modified_gmt":"2024-02-23T16:46:00","slug":"el-segundo-fracaso-con-bakis-y-con-el-gol","status":"publish","type":"post","link":"https:\/\/principesdeparis.es\/principes\/el-segundo-fracaso-con-bakis-y-con-el-gol\/","title":{"rendered":"El segundo fracaso con Bakis y con el gol"},"content":{"rendered":"<p style=\"text-align: center;\"><em><strong>El delantero sufre unas molestias musculares que le tendr\u00e1n fuera del equipo un m\u00ednimo de dos semanas, lo que acent\u00faa la p\u00e9sima gesti\u00f3n de un mercado de invierno condicionado por la vuelta del turco<\/strong><\/em><\/p>\n<p>Ra\u00fal Sanlleh\u00ed y Juan Carlos Cordero, a quienes habr\u00eda que sumar al atl\u00e9tico Emilio Cruz como pieza fundamental de la gesti\u00f3n deportiva del Real Zaragoza, han vuelto a patinar con Sinan Bakis, quien se ha lesionado del aductor en la recta final del ensayo de esta ma\u00f1ana. El turco est\u00e1 pendiente de las pruebas m\u00e9dicas que le realizar\u00e1n el lunes, pero todo indica que estar\u00e1 como m\u00ednimo un par de semanas fuera del equipo en funci\u00f3n del grado de la rotura de fibras que sufre. Aunque la dolencia no est\u00e1 directamente relacionada con la meniscopat\u00eda en la rodilla derecha que le oblig\u00f3 a frenar en seco a primeros de noviembre para someterse a una recuperaci\u00f3n conservadora, es decir sin pasar por el quir\u00f3fano, las consecuencias de este largo par\u00e9ntesis han tenido el l\u00f3gico peaje de tanto tiempo ajeno a la competici\u00f3n en un perfecto estado de forma. Tuvo 11 minutos contra el Eibar y la segunda parte completa ante el Cartagena. Su cuerpo no est\u00e1 a\u00fan para estos trotes y se lo ha hecho saber cuando realizaba una sesi\u00f3n de disparos a puerta.<\/p>\n<p>Los ejecutivos del club comentaron al t\u00e9rmino de la ventana invernal que les fue imposible conseguir un atacante que mejorara la pobre capacidad ofensiva y que, seg\u00fan los partes m\u00e9dicos, no estaban excesivamente preocupados porque Bakis evolucionaba de forma muy positiva. Su confianza en que el punta, que no hab\u00eda marcado un solo tanto antes de visitar la enfermer\u00eda, ofreciera su mejor versi\u00f3n en la segunda vuelta, fue el argumento presentado para afrontar una hipot\u00e9tica escalada hacia los puestos altos. La incapacidad para hallar un futbolista que ayudara de alguna manera en la producci\u00f3n goleadora chirr\u00eda todav\u00eda m\u00e1s despu\u00e9s de conocerse la actualizaci\u00f3n de los limites salariales, que sit\u00faa al club aragon\u00e9s en la cuarta posici\u00f3n de los equipos con m\u00e1s capacidad de inversi\u00f3n. La presentaci\u00f3n del nuevo Bakis como llave de una delantera donde Iv\u00e1n Az\u00f3n ha hecho dos dianas y Sergi Enrich ninguna, supon\u00eda un riesgo considerable. La lesi\u00f3n del futbolista, algo de que deber\u00eda haberse considerado como factible por todas las partes, compone un panorama de absoluta osad\u00eda y poca profesionalidad.<\/p>\n<p>Su fichaje no fue cuestionado en verano porque hab\u00eda marcado en una docena de ocasiones con el Andorra. Su curr\u00edculum, sin embargo, mostraba a un jugador que nunca hab\u00eda superado esa cifra en su extenso periplo por el f\u00fatbol europeo de ligas medianas. La mayor apuesta en n\u00f3mina, 800.000 euros brutos m\u00e1s una serie de objetivos que podr\u00edan elevar esa cantidad hasta el mill\u00f3n, no vio puerta antes de que se lesionara la rodilla, adem\u00e1s de ofrecer un rendimiento cada vez m\u00e1s menguante. El Real Zaragoza se vio muy restringido por su vac\u00edo anotador, a lo que se ha sumado la escasa aportaci\u00f3n de otros jugadores de quienes se esperaba que colaboraran en labores de ejecuci\u00f3n, caso de los ya mencionados Az\u00f3n y Enrich y de un decepcionante Manu Vallejo, con Mollejo, con cuatro dianas, como \u00fanico atacante en sus n\u00fameros. Los ocho tantos de Mesa han evitado muchos disgustos para un equipo que pierde de nuevo a Bakis (sin tiempo material para retomar una forma f\u00edsica al cien por cien cuando regrese a la actividad) y dejan a Sanlleh\u00ed, Cordero y Cruz en muy mal lugar. Otra vez.<\/p>\n<blockquote class=\"twitter-tweet\">\n<p dir=\"ltr\" lang=\"es\">La lista de para el partido en el Estadio de La Cer\u00e1mica <a href=\"https:\/\/t.co\/wpcp7Lzb0R\">pic.twitter.com\/wpcp7Lzb0R<\/a><\/p>\n<p>\u2014 Real Zaragoza (@RealZaragoza) <a href=\"https:\/\/twitter.com\/RealZaragoza\/status\/1761062528245805334?ref_src=twsrc%5Etfw\">February 23, 2024<\/a><\/p><\/blockquote>\n<p><script async src=\"https:\/\/platform.twitter.com\/widgets.js\" charset=\"utf-8\"><\/script><\/p>\n<p><em>Foto Real Zaragoza<\/em><\/p>\n","protected":false},"excerpt":{"rendered":"<p>El delantero sufre unas molestias musculares que le tendr\u00e1n fuera del equipo un m\u00ednimo de dos semanas, lo que acent\u00faa la p\u00e9sima gesti\u00f3n de un mercado de invierno condicionado por la vuelta del turco Ra\u00fal Sanlleh\u00ed y Juan Carlos Cordero, a quienes habr\u00eda que sumar al atl\u00e9tico Emilio Cruz como <a class=\"read-more\" href=\"https:\/\/principesdeparis.es\/principes\/el-segundo-fracaso-con-bakis-y-con-el-gol\/\">Sigue leyendo<\/a><\/p>\n","protected":false},"author":2,"featured_media":14312,"comment_status":"open","ping_status":"open","sticky":false,"template":"","format":"standard","meta":{"footnotes":""},"categories":[13,1],"tags":[],"class_list":["post-14311","post","type-post","status-publish","format-standard","has-post-thumbnail","hentry","category-publicidad","category-real-zaragoza"],"_links":{"self":[{"href":"https:\/\/principesdeparis.es\/principes\/wp-json\/wp\/v2\/posts\/14311","targetHints":{"allow":["GET"]}}],"collection":[{"href":"https:\/\/principesdeparis.es\/principes\/wp-json\/wp\/v2\/posts"}],"about":[{"href":"https:\/\/principesdeparis.es\/principes\/wp-json\/wp\/v2\/types\/post"}],"author":[{"embeddable":true,"href":"https:\/\/principesdeparis.es\/principes\/wp-json\/wp\/v2\/users\/2"}],"replies":[{"embeddable":true,"href":"https:\/\/principesdeparis.es\/principes\/wp-json\/wp\/v2\/comments?post=14311"}],"version-history":[{"count":4,"href":"https:\/\/principesdeparis.es\/principes\/wp-json\/wp\/v2\/posts\/14311\/revisions"}],"predecessor-version":[{"id":14316,"href":"https:\/\/principesdeparis.es\/principes\/wp-json\/wp\/v2\/posts\/14311\/revisions\/14316"}],"wp:featuredmedia":[{"embeddable":true,"href":"https:\/\/principesdeparis.es\/principes\/wp-json\/wp\/v2\/media\/14312"}],"wp:attachment":[{"href":"https:\/\/principesdeparis.es\/principes\/wp-json\/wp\/v2\/media?parent=14311"}],"wp:term":[{"taxonomy":"category","embeddable":true,"href":"https:\/\/principesdeparis.es\/principes\/wp-json\/wp\/v2\/categories?post=14311"},{"taxonomy":"post_tag","embeddable":true,"href":"https:\/\/principesdeparis.es\/principes\/wp-json\/wp\/v2\/tags?post=14311"}],"curies":[{"name":"wp","href":"https:\/\/api.w.org\/{rel}","templated":true}]}}