{"id":14367,"date":"2024-02-28T13:53:49","date_gmt":"2024-02-28T13:53:49","guid":{"rendered":"https:\/\/principesdeparis.es\/principes\/?p=14367"},"modified":"2024-02-28T13:53:49","modified_gmt":"2024-02-28T13:53:49","slug":"valera-me-falta-ser-mas-determinante","status":"publish","type":"post","link":"https:\/\/principesdeparis.es\/principes\/valera-me-falta-ser-mas-determinante\/","title":{"rendered":"Valera: \u00abMe falta ser m\u00e1s determinante\u00bb"},"content":{"rendered":"<p><strong>Estado de \u00e1nimo actual:<\/strong> \u00abFue un golpe duro el empate en Villarreal B, pero estamos con ambici\u00f3n para sacar los tres puntos contra el Amorebieta\u00bb<\/p>\n<p><strong>&#8216;Vel\u00e1zquez vete ya&#8217;:<\/strong> \u00abCon el m\u00edster vanos a muerte y de la mano porque confiamos plenamente en el para conseguir grandes cosas\u00bb.<\/p>\n<p><strong>Rendimiento:<\/strong> \u00abEste fin de semana me encontr\u00e9 bastante bien tras tres semanas de suplente. Trato de obsesionarme con los n\u00fameros, pero s\u00e9 que me falta ser m\u00e1s determinante y trabajo para ello\u00bb.<\/p>\n<p><strong>Posici\u00f3n de carrilero:<\/strong> \u00abTienes que hacer mucho recorrido porque tienes todo la banda para ti, pero me encontr\u00e9 a gusto\u00bb<\/p>\n<p><strong>Una final:<\/strong> \u00abCada partido es una final. Lo vemos como un encuentro importante, s\u00ed\u00bb.<\/p>\n<p><strong>Malestar de la afici\u00f3n:<\/strong> \u00abAgradecemos su esfuerzo y esos desplazamientos largos que hacen para estar a nuestro lado. Estuvimos frustrados, pero ya s\u00f3lo pensamos en ofrecerles los tres puntos de este domingo\u00bb.<\/p>\n<p><strong>El colista:<\/strong> \u00abSon partidos complicados. La Segunda te exige ir al m\u00e1ximo\u00bb.<\/p>\n<p><strong>Las lesiones continuadas:<\/strong> \u00abEs mala suerte, pero son cosas del f\u00fatbol y tratarnos de animarlos para se recuperen lo antes posible\u00bb.<\/p>\n<p><strong>Ambiente tenso:<\/strong> \u00abNo creo. El ambiente ser\u00e1 bueno. Nos van a animar y nos contagiaremos unos con otros para que no haya problemas\u00bb.<\/p>\n","protected":false},"excerpt":{"rendered":"<p>Estado de \u00e1nimo actual: \u00abFue un golpe duro el empate en Villarreal B, pero estamos con ambici\u00f3n para sacar los tres puntos contra el Amorebieta\u00bb &#8216;Vel\u00e1zquez vete ya&#8217;: \u00abCon el m\u00edster vanos a muerte y de la mano porque confiamos plenamente en el para conseguir grandes cosas\u00bb. Rendimiento: \u00abEste fin <a class=\"read-more\" href=\"https:\/\/principesdeparis.es\/principes\/valera-me-falta-ser-mas-determinante\/\">Sigue leyendo<\/a><\/p>\n","protected":false},"author":2,"featured_media":14368,"comment_status":"open","ping_status":"open","sticky":false,"template":"","format":"standard","meta":{"footnotes":""},"categories":[13,1],"tags":[],"class_list":["post-14367","post","type-post","status-publish","format-standard","has-post-thumbnail","hentry","category-publicidad","category-real-zaragoza"],"_links":{"self":[{"href":"https:\/\/principesdeparis.es\/principes\/wp-json\/wp\/v2\/posts\/14367","targetHints":{"allow":["GET"]}}],"collection":[{"href":"https:\/\/principesdeparis.es\/principes\/wp-json\/wp\/v2\/posts"}],"about":[{"href":"https:\/\/principesdeparis.es\/principes\/wp-json\/wp\/v2\/types\/post"}],"author":[{"embeddable":true,"href":"https:\/\/principesdeparis.es\/principes\/wp-json\/wp\/v2\/users\/2"}],"replies":[{"embeddable":true,"href":"https:\/\/principesdeparis.es\/principes\/wp-json\/wp\/v2\/comments?post=14367"}],"version-history":[{"count":1,"href":"https:\/\/principesdeparis.es\/principes\/wp-json\/wp\/v2\/posts\/14367\/revisions"}],"predecessor-version":[{"id":14369,"href":"https:\/\/principesdeparis.es\/principes\/wp-json\/wp\/v2\/posts\/14367\/revisions\/14369"}],"wp:featuredmedia":[{"embeddable":true,"href":"https:\/\/principesdeparis.es\/principes\/wp-json\/wp\/v2\/media\/14368"}],"wp:attachment":[{"href":"https:\/\/principesdeparis.es\/principes\/wp-json\/wp\/v2\/media?parent=14367"}],"wp:term":[{"taxonomy":"category","embeddable":true,"href":"https:\/\/principesdeparis.es\/principes\/wp-json\/wp\/v2\/categories?post=14367"},{"taxonomy":"post_tag","embeddable":true,"href":"https:\/\/principesdeparis.es\/principes\/wp-json\/wp\/v2\/tags?post=14367"}],"curies":[{"name":"wp","href":"https:\/\/api.w.org\/{rel}","templated":true}]}}