{"id":14374,"date":"2024-02-29T12:06:59","date_gmt":"2024-02-29T12:06:59","guid":{"rendered":"https:\/\/principesdeparis.es\/principes\/?p=14374"},"modified":"2024-02-29T13:48:22","modified_gmt":"2024-02-29T13:48:22","slug":"borge-pasa-por-el-quirofano-y-despide-la-temporada","status":"publish","type":"post","link":"https:\/\/principesdeparis.es\/principes\/borge-pasa-por-el-quirofano-y-despide-la-temporada\/","title":{"rendered":"Borge se rompe el cruzado, pasa por el quir\u00f3fano y despide la temporada"},"content":{"rendered":"<p><strong>Andr\u00e9s Borge<\/strong>, que sufri\u00f3 un giro en la rodilla izquierda en un lance fortuito al final del entrenamiento del pasado martes, fue sometido a pruebas radiol\u00f3gicas en la tarde de ayer. Los resultados confirman que tiene roto el ligamento cruzado anterior de la rodilla izquierda tras recaer de la lesi\u00f3n que padeci\u00f3<strong> el 31 de enero en un ensayo <\/strong>\u00a0y que le impidi\u00f3 estar ante el Sporting, el Eibar, el Cartagena y el Villarreal B. El jugador ya fue intervenido \u00a0en diciembre de 2020 por la misma dolencia y se le implant\u00f3 una plastia que ahora se ha da\u00f1ado. La recuperaci\u00f3n prevista para este tipo de lesiones oscila entre los cuatro y seis meses. El Real Zaragoza \u00a0ejecut\u00f3 a finales del pasado mes de diciembre la opci\u00f3n unilateral que ten\u00eda sobre<strong>\u00a0Andr\u00e9s Borge<\/strong> para que pasara a formar parte de la primera plantilla del club a todos los efectos hasta junio de 2027.<\/p>\n<blockquote class=\"twitter-tweet\">\n<p dir=\"ltr\" lang=\"es\">&#x1f3e5; Parte m\u00e9dico de Andr\u00e9s Borge<\/p>\n<p>Tu club y tu equipo est\u00e1n contigo, Andr\u00e9s<\/p>\n<p>\u2014 Real Zaragoza &#x1f981; (@RealZaragoza) <a href=\"https:\/\/twitter.com\/RealZaragoza\/status\/1763167373584920601?ref_src=twsrc%5Etfw\">February 29, 2024<\/a><\/p><\/blockquote>\n<p><script async src=\"https:\/\/platform.twitter.com\/widgets.js\" charset=\"utf-8\"><\/script><\/p>\n","protected":false},"excerpt":{"rendered":"<p>Andr\u00e9s Borge, que sufri\u00f3 un giro en la rodilla izquierda en un lance fortuito al final del entrenamiento del pasado martes, fue sometido a pruebas radiol\u00f3gicas en la tarde de ayer. Los resultados confirman que tiene roto el ligamento cruzado anterior de la rodilla izquierda tras recaer de la lesi\u00f3n <a class=\"read-more\" href=\"https:\/\/principesdeparis.es\/principes\/borge-pasa-por-el-quirofano-y-despide-la-temporada\/\">Sigue leyendo<\/a><\/p>\n","protected":false},"author":2,"featured_media":14375,"comment_status":"open","ping_status":"open","sticky":false,"template":"","format":"standard","meta":{"footnotes":""},"categories":[13,1],"tags":[],"class_list":["post-14374","post","type-post","status-publish","format-standard","has-post-thumbnail","hentry","category-publicidad","category-real-zaragoza"],"_links":{"self":[{"href":"https:\/\/principesdeparis.es\/principes\/wp-json\/wp\/v2\/posts\/14374","targetHints":{"allow":["GET"]}}],"collection":[{"href":"https:\/\/principesdeparis.es\/principes\/wp-json\/wp\/v2\/posts"}],"about":[{"href":"https:\/\/principesdeparis.es\/principes\/wp-json\/wp\/v2\/types\/post"}],"author":[{"embeddable":true,"href":"https:\/\/principesdeparis.es\/principes\/wp-json\/wp\/v2\/users\/2"}],"replies":[{"embeddable":true,"href":"https:\/\/principesdeparis.es\/principes\/wp-json\/wp\/v2\/comments?post=14374"}],"version-history":[{"count":8,"href":"https:\/\/principesdeparis.es\/principes\/wp-json\/wp\/v2\/posts\/14374\/revisions"}],"predecessor-version":[{"id":14383,"href":"https:\/\/principesdeparis.es\/principes\/wp-json\/wp\/v2\/posts\/14374\/revisions\/14383"}],"wp:featuredmedia":[{"embeddable":true,"href":"https:\/\/principesdeparis.es\/principes\/wp-json\/wp\/v2\/media\/14375"}],"wp:attachment":[{"href":"https:\/\/principesdeparis.es\/principes\/wp-json\/wp\/v2\/media?parent=14374"}],"wp:term":[{"taxonomy":"category","embeddable":true,"href":"https:\/\/principesdeparis.es\/principes\/wp-json\/wp\/v2\/categories?post=14374"},{"taxonomy":"post_tag","embeddable":true,"href":"https:\/\/principesdeparis.es\/principes\/wp-json\/wp\/v2\/tags?post=14374"}],"curies":[{"name":"wp","href":"https:\/\/api.w.org\/{rel}","templated":true}]}}