{"id":14384,"date":"2024-03-01T10:28:01","date_gmt":"2024-03-01T10:28:01","guid":{"rendered":"https:\/\/principesdeparis.es\/principes\/?p=14384"},"modified":"2024-03-01T10:28:01","modified_gmt":"2024-03-01T10:28:01","slug":"la-verdad-a-medias-de-la-cantera-del-real-zaragoza","status":"publish","type":"post","link":"https:\/\/principesdeparis.es\/principes\/la-verdad-a-medias-de-la-cantera-del-real-zaragoza\/","title":{"rendered":"La verdad a medias de la cantera del Real Zaragoza"},"content":{"rendered":"<p style=\"text-align: center;\"><em><strong>El buen trabajo de la escuela formativa del club se refleja a cuentagotas en el primer equipo. S\u00f3lo 16 jugadores han tenido una presencia firme en 11 temporadas en Segunda<\/strong><\/em><\/p>\n<p>El Real Zaragoza dispone de estupendos profesionales en el f\u00fatbol formativo. Siempre los ha tenido. No tanto de los medios adecuados en una lucha desigual contra los tent\u00e1culos de otros clubes que han logrado seducir a un buen n\u00famero de sus joyas y que condujo a la implantaci\u00f3n de cl\u00e1usulas de compensaci\u00f3n en el caso de la temprana fuga de j\u00f3venes futbolistas. Ese trabajo casi artesanal, sin embargo y aunque parezca lo contrario por el ruido de las numerosas piezas del filial que han entrado en citaciones, no ha tenido un reflejo abundante en la primera plantilla durante las once temporadas que el equipo lleva anclado en Segunda. Franc\u00e9s, Francho y Az\u00f3n, y ahora Aguado despu\u00e9s de dos cesiones al Andorra, han logrado un lugar de privilegio en la presente formaci\u00f3n del conjunto aragon\u00e9s. Los tres primeros irrumpieron en la temporada 2020-2021 y vinieron para quedarse y colaborar a evitar situaciones cr\u00edticas, mientras que Marc tuvo que ganarse la confianza en el exilio, algo que en este t\u00fanel desde el \u00faltimo descenso s\u00f3lo lo ha conseguido V\u00edctor Laguardia en el curso 2013-2014 despu\u00e9s de dos pr\u00e9stamos en Las Palmas y en el Alcorc\u00f3n. Carlos Nieto, recuper\u00e1ndose de la avulsi\u00f3n del tend\u00f3n proximal de su musculatura isquiotibial de la que fue intervenido, es la gran excepci\u00f3n a la regla en el vestuario actual desde que debutara con 18 a\u00f1os en el curso 2014-2015 para permanecer en primera l\u00ednea seis a\u00f1os consecutivos.<\/p>\n<p>El muro que en otras \u00e9pocas se elevaba frente a la cantera al impactar contra plantillas de alto o muy alto nivel sigue vigente, en esta ocasi\u00f3n porque ha habido jugadores no han termindo de cuajar lo suficiente como para competir en la \u00e9lite, pero en no pocas oportunidades bajo la sospecha de que no han contado con el apoyo suficiente para integrarse en un equipo donde en nada hubiesen desentonado al menos en un papel de solvente acompa\u00f1amiento. La sucesi\u00f3n de entrenadores con muchas urgencias ha derivado en apuestas externas, muchas de ellas sin dar la talla suficiente fuera cual fuese el objetivo. Este ejercicio, muy castigado por las lesiones, se ha recurrido a Borge, que se ha roto el cruzado y en quien no confiaba Vel\u00e1zquez antes de que el defensa entrara en la enfermer\u00eda. Por las convocatorias y con la m\u00ednima o casi ninguna repercusi\u00f3n han desfilado Luna, con contrato profesional y cedido ahora al Real Uni\u00f3n; Vaquero, Cuenca, Pau Sans, Ac\u00edn, Sebasti\u00e1n, Ma\u00f1as, Calavia, Cort\u00e9s, Barrachina y Terrer. Sans y Cort\u00e9s, este con una rotura de fibras en el gemelo, han dejado muestras de que podr\u00edan haber tenido un mayor protagonismo por encima del equipo de Emilo Larraz&#8230;<\/p>\n<p>La lista de canteranos con al menos una temporada de titularidad no es demasiado extensa y sujeta, en el periodo de la Fundaci\u00f3n, a vender a los m\u00e1s destacados o dar salida a futbolistas que no ofrec\u00edan garant\u00edas a cuerpos t\u00e9cnicos y direcciones deportivas. En este par de contextos fueron traspasados Vallejo, Soro, Guti, Diego Rico, Pombo, Puche, mientras que han seguido otros caminos desvinculantes Laguardia, Clemente, Lasure, Whalley&#8230; El t\u00f3pico de lo mucho que se cuenta con la Ciudad Deportiva no deja de tener su pincelada de media y fugaz verdad. Insuficiente para considerar que el excelente trabajo de la ahora denominada academia zaragocista alcanza notoriedad real y firme en un Real Zaragoza desconfiado a\u00fan de sus mejores valores pese a su considerable desacierto en una gran cantidad de los fichajes concretados en once a\u00f1os de completa oscuridad.<\/p>\n","protected":false},"excerpt":{"rendered":"<p>El buen trabajo de la escuela formativa del club se refleja a cuentagotas en el primer equipo. S\u00f3lo 16 jugadores han tenido una presencia firme en 11 temporadas en Segunda El Real Zaragoza dispone de estupendos profesionales en el f\u00fatbol formativo. Siempre los ha tenido. No tanto de los medios <a class=\"read-more\" href=\"https:\/\/principesdeparis.es\/principes\/la-verdad-a-medias-de-la-cantera-del-real-zaragoza\/\">Sigue leyendo<\/a><\/p>\n","protected":false},"author":2,"featured_media":14385,"comment_status":"open","ping_status":"open","sticky":false,"template":"","format":"standard","meta":{"footnotes":""},"categories":[13,1],"tags":[],"class_list":["post-14384","post","type-post","status-publish","format-standard","has-post-thumbnail","hentry","category-publicidad","category-real-zaragoza"],"_links":{"self":[{"href":"https:\/\/principesdeparis.es\/principes\/wp-json\/wp\/v2\/posts\/14384","targetHints":{"allow":["GET"]}}],"collection":[{"href":"https:\/\/principesdeparis.es\/principes\/wp-json\/wp\/v2\/posts"}],"about":[{"href":"https:\/\/principesdeparis.es\/principes\/wp-json\/wp\/v2\/types\/post"}],"author":[{"embeddable":true,"href":"https:\/\/principesdeparis.es\/principes\/wp-json\/wp\/v2\/users\/2"}],"replies":[{"embeddable":true,"href":"https:\/\/principesdeparis.es\/principes\/wp-json\/wp\/v2\/comments?post=14384"}],"version-history":[{"count":1,"href":"https:\/\/principesdeparis.es\/principes\/wp-json\/wp\/v2\/posts\/14384\/revisions"}],"predecessor-version":[{"id":14386,"href":"https:\/\/principesdeparis.es\/principes\/wp-json\/wp\/v2\/posts\/14384\/revisions\/14386"}],"wp:featuredmedia":[{"embeddable":true,"href":"https:\/\/principesdeparis.es\/principes\/wp-json\/wp\/v2\/media\/14385"}],"wp:attachment":[{"href":"https:\/\/principesdeparis.es\/principes\/wp-json\/wp\/v2\/media?parent=14384"}],"wp:term":[{"taxonomy":"category","embeddable":true,"href":"https:\/\/principesdeparis.es\/principes\/wp-json\/wp\/v2\/categories?post=14384"},{"taxonomy":"post_tag","embeddable":true,"href":"https:\/\/principesdeparis.es\/principes\/wp-json\/wp\/v2\/tags?post=14384"}],"curies":[{"name":"wp","href":"https:\/\/api.w.org\/{rel}","templated":true}]}}