{"id":14397,"date":"2024-03-03T16:24:48","date_gmt":"2024-03-03T16:24:48","guid":{"rendered":"https:\/\/principesdeparis.es\/principes\/?p=14397"},"modified":"2024-03-03T17:03:28","modified_gmt":"2024-03-03T17:03:28","slug":"mourino-y-moya-entran-y-azon-sale","status":"publish","type":"post","link":"https:\/\/principesdeparis.es\/principes\/mourino-y-moya-entran-y-azon-sale\/","title":{"rendered":"Mouri\u00f1o y Moya entran y Az\u00f3n sale"},"content":{"rendered":"<p>El Real Zaragoza presenta tres novedades significativas en el once contra el Amorebieta. La primera, el regreso de Mouri\u00f1o al eje defensivo para recuperar la l\u00ednea de tres centrales junto a Franc\u00e9s y Llu\u00eds L\u00f3pez con Zedadka y Valera de carrileros, este en lugar de Lecoeuche. Toni Moya tambi\u00e9n aparece entre los elegidos para formar en un centro del campo donde permanecen Francho y Aguado. mientras que en ataque se queda fuera Az\u00f3n para que Mollejo se sume a la zona m\u00e1s avanzada con\u00a0 Mesa a su lado. Julio Vel\u00e1zquez retoma la base estrat\u00e9gica de cinco defensas despu\u00e9s de que la aparcara sin\u00a0 demasiado \u00e9xito contra el Villarreal B en La Cer\u00e1mica, y sienta al delantero canterano tras ofrecerle su confianza durante las \u00faltimas seis jornadas consecutivas sin que le haya correspondido con alg\u00fan gol. En Mollejo, el chico para todo y segundo m\u00e1ximo realizador del equipo con cuatro tantos, busca el t\u00e9cnico paliar el d\u00e9ficit ofensivo de la plantilla tanto en la fabricaci\u00f3n de ocasiones como en la finalizaci\u00f3n. El formato cl\u00e1sico con el t\u00e9cnico vallisoletano implica asimismo que el pasillo izquierdo sea devuelto a Valera, otro futbolista a quien el entrenador est\u00e1 recurriendo como pieza m\u00f3vil por las bandas del campo.<\/p>\n<p>El dibujo, en esta ocasi\u00f3n, se antoja algo secundario frente a la necesidad de sumar un triunfo que alivie la tensa situaci\u00f3n que han provocado la derrota en casa frente al Cartagena pese a jugar con uno m\u00e1s y la inanici\u00f3n mostrada hace una semana ante el filial groguet en un estadio poblado por cerca de 3.000 aficionados zaragocistas que manifestaron su irritaci\u00f3n al final de la cita. Para Vel\u00e1zquez tambi\u00e9n es importante el encuentro.\u00a0 Los gritos en su contra y sobre todo que con su trabajo no ha mejorada la inercia de la <em>era Escrib\u00e1,<\/em> le sit\u00faan en\u00a0 una posici\u00f3n muy delicada, que empeorar\u00eda en el caso de que el conjunto vasco, colista, se llevara algo de La Romareda. Aunque durante la semana su puesto no se ha cuestionado, un nuevo golpe como local podr\u00eda abrirle la puerta de salida, ya que dejar\u00eda al Real Zaragoza muy lejos a\u00fan del peligro pero pendiente de \u00e9l.<\/p>\n<p>El partido se juega en el c\u00e9sped y en la grada, muy pendiente de la respuesta del equipo frente al peor conjunto de la categor\u00eda, desconocedor a\u00fan de lo que es ganar lejos de Lezama y con la artiller\u00eda m\u00e1s floja a domicilio. La hinchada espera un giro en la actitud de los futbolistas y un desarrollo del encuentro lo m\u00e1s tranquilo posible.\u00a0 Ser\u00eda conveniente un gol madrugador, algo inusual en el cuadro aragon\u00e9s, para impedir cualquier tipo de incendio entre los asistentes que podr\u00eda condicionar su rendimiento. Las emociones no van a faltar, y no precisamente para so\u00f1ar con una reacci\u00f3n, sino para esquivar problemas.<\/p>\n<p>La alineaci\u00f3n del Amorebieta<\/p>\n<blockquote class=\"twitter-tweet\">\n<p dir=\"ltr\" lang=\"eu\">| <a href=\"https:\/\/twitter.com\/hashtag\/RealZaragozaAmorebieta?src=hash&amp;ref_src=twsrc%5Etfw\">#RealZaragozaAmorebieta<\/a><\/p>\n<p>Gure hamaikakoa gaurko partidurako hurrengoa izango da. Topera, azules! <a href=\"https:\/\/twitter.com\/hashtag\/HamaikakoaSDA?src=hash&amp;ref_src=twsrc%5Etfw\">#HamaikakoaSDA<\/a><a href=\"https:\/\/twitter.com\/hashtag\/aupaAZULES?src=hash&amp;ref_src=twsrc%5Etfw\">#aupaAZULES<\/a> <a href=\"https:\/\/t.co\/A4DNXmjyXA\">pic.twitter.com\/A4DNXmjyXA<\/a><\/p>\n<p>\u2014 SD Amorebieta (@SDAmorebieta) <a href=\"https:\/\/twitter.com\/SDAmorebieta\/status\/1764327375301648532?ref_src=twsrc%5Etfw\">March 3, 2024<\/a><\/p><\/blockquote>\n<p><script async src=\"https:\/\/platform.twitter.com\/widgets.js\" charset=\"utf-8\"><\/script><\/p>\n","protected":false},"excerpt":{"rendered":"<p>El Real Zaragoza presenta tres novedades significativas en el once contra el Amorebieta. La primera, el regreso de Mouri\u00f1o al eje defensivo para recuperar la l\u00ednea de tres centrales junto a Franc\u00e9s y Llu\u00eds L\u00f3pez con Zedadka y Valera de carrileros, este en lugar de Lecoeuche. Toni Moya tambi\u00e9n aparece <a class=\"read-more\" href=\"https:\/\/principesdeparis.es\/principes\/mourino-y-moya-entran-y-azon-sale\/\">Sigue leyendo<\/a><\/p>\n","protected":false},"author":2,"featured_media":14398,"comment_status":"open","ping_status":"open","sticky":false,"template":"","format":"standard","meta":{"footnotes":""},"categories":[13,1],"tags":[],"class_list":["post-14397","post","type-post","status-publish","format-standard","has-post-thumbnail","hentry","category-publicidad","category-real-zaragoza"],"_links":{"self":[{"href":"https:\/\/principesdeparis.es\/principes\/wp-json\/wp\/v2\/posts\/14397","targetHints":{"allow":["GET"]}}],"collection":[{"href":"https:\/\/principesdeparis.es\/principes\/wp-json\/wp\/v2\/posts"}],"about":[{"href":"https:\/\/principesdeparis.es\/principes\/wp-json\/wp\/v2\/types\/post"}],"author":[{"embeddable":true,"href":"https:\/\/principesdeparis.es\/principes\/wp-json\/wp\/v2\/users\/2"}],"replies":[{"embeddable":true,"href":"https:\/\/principesdeparis.es\/principes\/wp-json\/wp\/v2\/comments?post=14397"}],"version-history":[{"count":14,"href":"https:\/\/principesdeparis.es\/principes\/wp-json\/wp\/v2\/posts\/14397\/revisions"}],"predecessor-version":[{"id":14412,"href":"https:\/\/principesdeparis.es\/principes\/wp-json\/wp\/v2\/posts\/14397\/revisions\/14412"}],"wp:featuredmedia":[{"embeddable":true,"href":"https:\/\/principesdeparis.es\/principes\/wp-json\/wp\/v2\/media\/14398"}],"wp:attachment":[{"href":"https:\/\/principesdeparis.es\/principes\/wp-json\/wp\/v2\/media?parent=14397"}],"wp:term":[{"taxonomy":"category","embeddable":true,"href":"https:\/\/principesdeparis.es\/principes\/wp-json\/wp\/v2\/categories?post=14397"},{"taxonomy":"post_tag","embeddable":true,"href":"https:\/\/principesdeparis.es\/principes\/wp-json\/wp\/v2\/tags?post=14397"}],"curies":[{"name":"wp","href":"https:\/\/api.w.org\/{rel}","templated":true}]}}