{"id":14508,"date":"2024-03-10T09:19:28","date_gmt":"2024-03-10T09:19:28","guid":{"rendered":"https:\/\/principesdeparis.es\/principes\/?p=14508"},"modified":"2024-03-10T09:52:34","modified_gmt":"2024-03-10T09:52:34","slug":"cordero-contacta-sin-exito-con-alvaro-cervera","status":"publish","type":"post","link":"https:\/\/principesdeparis.es\/principes\/cordero-contacta-sin-exito-con-alvaro-cervera\/","title":{"rendered":"Cordero contacta sin \u00e9xito con \u00c1lvaro Cervera"},"content":{"rendered":"<p style=\"text-align: center;\"><em><strong>El entrenador, sin embargo, rechaza la propuesta del director deportivo mientras parte de la directiva sigue buscando en V\u00edctor Fern\u00e1ndez un escudo para su p\u00e9sima gesti\u00f3n y para recuperar el pulso emocional de la afici\u00f3n<\/strong><\/em><\/p>\n<p>Sin que se haya producido a\u00fan la destituci\u00f3n oficial de Julio Vel\u00e1zquez, que se anunciar\u00e1 en cuanto el club haya cerrado a su sustituto, Juan Carlos Cordero ya ha empezado a buscar un relevo para el banquillo del Real Zaragoza de cara a este o el pr\u00f3ximo ejercicio. El ejecutivo se ha puesto en contacto con \u00c1lvaro Cervera, con quien coincidi\u00f3 durante tres temporadas en el C\u00e1diz, donde el t\u00e9cnico consigui\u00f3 ascenderlo de Segunda B a Primera despu\u00e9s de permanecer siete temporadas en el equipo andaluz y convertirse en un icono para la afici\u00f3n. Sin embargo, Cervera, que en los dos \u00faltimos cursos ha dirigido al Real Oviedo con destituci\u00f3n incluida a la sexta jornada del actual despu\u00e9s de realizar una notable labor con el club carbay\u00f3n cuando sustituy\u00f3 a Jon P\u00e9rez Bolo, ha rechazado la propuesta del director deportivo, aunque en principio no podr\u00eda llegar en lo que resta de competici\u00f3n al haber entrenado a un conjunto de la misma categor\u00eda. Cordero, pese a las dificultades para hallar un profesional que coja las riendas en esta situaci\u00f3n sin una exigencia de compromiso futuro en el caso de contrataci\u00f3n, sigue sondeando el mercado ajeno a los movimientos y las presiones que se est\u00e1n produciendo para que V\u00edctor Fern\u00e1ndez regrese al Real Zaragoza en la que ser\u00eda su cuarta experiencia en la entidad. La directiva valora el criterio de Cordero, pero tambi\u00e9n el golpe de efecto que podr\u00eda suponer el retorno de una leyenda est\u00e9 o no actualizada en el actual contexto del f\u00fatbol profesional y su calidad de referencia emocional para la afici\u00f3n. Las negociaciones est\u00e1n abiertas en dos direcciones, la de un consejo que quiere protegerse de los m\u00faltiples errores que ha cometido y que busca un escudo al que nunca hubiese recurrido en otras circunstancias y la de un director deportivo que despu\u00e9s de equivocarse con Julio Vel\u00e1zquez persigue otro tipo de alternativas sabiendo, adem\u00e1s, que su cuota de poder y de decisi\u00f3n se ver\u00eda afectada con V\u00edctor Fern\u00e1ndez dentro del Real Zaragoza ya no s\u00f3lo como t\u00e9cnico sino, m\u00e1s adelante, en un cargo de mayor relevancia a nivel ejecutivo.<\/p>\n","protected":false},"excerpt":{"rendered":"<p>El entrenador, sin embargo, rechaza la propuesta del director deportivo mientras parte de la directiva sigue buscando en V\u00edctor Fern\u00e1ndez un escudo para su p\u00e9sima gesti\u00f3n y para recuperar el pulso emocional de la afici\u00f3n Sin que se haya producido a\u00fan la destituci\u00f3n oficial de Julio Vel\u00e1zquez, que se anunciar\u00e1 <a class=\"read-more\" href=\"https:\/\/principesdeparis.es\/principes\/cordero-contacta-sin-exito-con-alvaro-cervera\/\">Sigue leyendo<\/a><\/p>\n","protected":false},"author":2,"featured_media":14509,"comment_status":"open","ping_status":"open","sticky":false,"template":"","format":"standard","meta":{"footnotes":""},"categories":[13,1],"tags":[],"class_list":["post-14508","post","type-post","status-publish","format-standard","has-post-thumbnail","hentry","category-publicidad","category-real-zaragoza"],"_links":{"self":[{"href":"https:\/\/principesdeparis.es\/principes\/wp-json\/wp\/v2\/posts\/14508","targetHints":{"allow":["GET"]}}],"collection":[{"href":"https:\/\/principesdeparis.es\/principes\/wp-json\/wp\/v2\/posts"}],"about":[{"href":"https:\/\/principesdeparis.es\/principes\/wp-json\/wp\/v2\/types\/post"}],"author":[{"embeddable":true,"href":"https:\/\/principesdeparis.es\/principes\/wp-json\/wp\/v2\/users\/2"}],"replies":[{"embeddable":true,"href":"https:\/\/principesdeparis.es\/principes\/wp-json\/wp\/v2\/comments?post=14508"}],"version-history":[{"count":5,"href":"https:\/\/principesdeparis.es\/principes\/wp-json\/wp\/v2\/posts\/14508\/revisions"}],"predecessor-version":[{"id":14514,"href":"https:\/\/principesdeparis.es\/principes\/wp-json\/wp\/v2\/posts\/14508\/revisions\/14514"}],"wp:featuredmedia":[{"embeddable":true,"href":"https:\/\/principesdeparis.es\/principes\/wp-json\/wp\/v2\/media\/14509"}],"wp:attachment":[{"href":"https:\/\/principesdeparis.es\/principes\/wp-json\/wp\/v2\/media?parent=14508"}],"wp:term":[{"taxonomy":"category","embeddable":true,"href":"https:\/\/principesdeparis.es\/principes\/wp-json\/wp\/v2\/categories?post=14508"},{"taxonomy":"post_tag","embeddable":true,"href":"https:\/\/principesdeparis.es\/principes\/wp-json\/wp\/v2\/tags?post=14508"}],"curies":[{"name":"wp","href":"https:\/\/api.w.org\/{rel}","templated":true}]}}