{"id":14515,"date":"2024-03-10T23:48:11","date_gmt":"2024-03-10T23:48:11","guid":{"rendered":"https:\/\/principesdeparis.es\/principes\/?p=14515"},"modified":"2024-03-11T11:03:43","modified_gmt":"2024-03-11T11:03:43","slug":"el-reto-mas-importante-en-la-carrera-de-victor-fernandez","status":"publish","type":"post","link":"https:\/\/principesdeparis.es\/principes\/el-reto-mas-importante-en-la-carrera-de-victor-fernandez\/","title":{"rendered":"El reto m\u00e1s importante en la carrera de V\u00edctor Fern\u00e1ndez"},"content":{"rendered":"<p style=\"text-align: center;\"><em><strong>El t\u00e9cnico aragon\u00e9s afronta a los 63 a\u00f1os un innegociable, simb\u00f3lico y urgente ascenso a Primera en su cuarta aventura en el club aragon\u00e9s, un objetivo que trasciende a cualquiera de sus logros anteriores<\/strong><\/em><\/p>\n<p>Se le escap\u00f3 y dej\u00f3 que se le escapara el ascenso a Primera en la temporada 2019-2020. Se confin\u00f3 en la pandemia despreocupado y confiado de que el Real Zaragoza ten\u00eda ventaja (cinco puntos sobre el tercero) y potencial suficiente como para trabajar los aspectos f\u00edsicos y mentales que requer\u00eda un par\u00e9ntesis de tres meses de esas peculiares caracter\u00edsticas. En la vuelta a la competici\u00f3n, los que s\u00ed lo hicieron le pasaron por encima hasta correrse el peligro de quedar fuera incluso del playoff, que se perdi\u00f3 en la primera eliminatoria ante el Elche dentro de un bucle de completo desarme de futbolistas y entrenador. V\u00edctor Fern\u00e1ndez vuelve cuatro temporadas despu\u00e9s para sacar al conjunto aragon\u00e9s de una din\u00e1mica terrible y certificar la salvaci\u00f3n con una propiedad nueva y de capital extranjero, con un proyecto que naci\u00f3 mirando al futuro y que ha tenido que recurrir al pasado, a uno de los protagonistas de una de las eras legendarias de la instituci\u00f3n. La Fundaci\u00f3n recurri\u00f3 a \u00e9l con la misma hoja de ruta, con la sustancial diferencia de que los actuales accionistas poseen un m\u00fasculo financiero muy superior aunque deportivamente no hayan sabido traducirlo, con Ra\u00fal Sanlleh\u00ed y Juan Carlos Cordero asumiendo esta operaci\u00f3n de mala gana por lo que supone de reconocimiento del fracaso de ambos. Ni Fran Escrib\u00e1 ni Julio Vel\u00e1zquez han respondido a sus expectativas. Tampoco la mayor\u00eda de los fichajes. Al final la genuflexi\u00f3n del director general y del director deportivo ha sido escandalosa. Necesaria en cuanto a la b\u00fasqueda de una reacci\u00f3n y quedando en el aire, lo que s\u00f3lo confirmar\u00e1 el tiempo, si el elegido es el adecuado en este nuevo reseteo.<\/p>\n<p>V\u00edctor Fern\u00e1ndez se sentar\u00e1 en el banquillo de La Romareda por cuarta vez en su prol\u00edfica carrera. La mayor parte de la afici\u00f3n le adora y ve en su figura el aura que sin duda le acompa\u00f1a y que adquiri\u00f3 sobre todo en el Real Zaragoza, con el que gan\u00f3 una Copa y una Recopa adem\u00e1s de ser el t\u00e9cnico que m\u00e1s partidos le ha dirigido en la historia. Viene para solventar una permanencia en absoluto imposible, con tres victorias en 12 jornadas ser\u00eda suficiente, pero sobre todo para convertirse en el hipot\u00e9tico arquitecto de una futura plantilla que luche por el ascenso sin mediar un a\u00f1o m\u00e1s, algo que deja a Cordero en un espacio muy resbaladizo si no se produce la adecuada sinton\u00eda, algo que ya ocurri\u00f3 con Lalo Arantegui. As\u00ed afronta el reto m\u00e1s importante de su trayectoria profesional, superior a cualquier otro por el simbolismo y la carga social de un regreso a la \u00e9lite que se reclama con angustia desde el zaragocismo despu\u00e9s de once temporadas en Segunda y de m\u00faltiples irreverencias por falta de conocimiento y abundancia de intereses y egos. El t\u00e9cnico aragon\u00e9s, no sin apuros, acometi\u00f3 en su debut con 30 a\u00f1os, hace 33, una permanencia en Primera que se resolvi\u00f3 en un doble encuentro frente al Murcia. El germen de ese equipo y la incorporaci\u00f3n de jugadores fundamentales condujeron a una etapa maravillosa que se tradujo principalmente en la conquista de una Copa frente al Celta en 1994 y en la m\u00e1gina noche del Parque de los Pr\u00edncipes, el 10 de mayo de 1995. Dos temporadas despu\u00e9s sufri\u00f3 su primera destituci\u00f3n en la und\u00e9cima jornada con el equipo en puestos de descenso, un curso ca\u00f3tico que arregl\u00f3 otro mito de la casa m\u00e1s silencioso pero no menos solemne, Luis Costa.<\/p>\n<p>Tenerife, Celta de Vigo, Betis, Oporto&#8230; Y a su puerta llam\u00f3 Agapito Iglesias nada m\u00e1s hacerse con la pesada herencia de Alfonso Solans j\u00fanior en 2006. El empresario, punta del iceberg de un nefasto complot pol\u00edtico, dio el golpe de efecto al traer consigo a V\u00edctor Fern\u00e1ndez, quien firm\u00f3 una apurada clasificaci\u00f3n para la UEFA tras una \u00faltima jornada en Huelva con ruidos de sables en el descanso: ganaba el Recreativo y hac\u00eda falta un punto, que se sum\u00f3 con Diego Milito marcando la igualada lesionado. El soriano se dej\u00f3 llevar por su inconsciencia y por el deseo de gloria de V\u00edctor Fern\u00e1ndez, que le convenci\u00f3 para que construyera una plantilla gal\u00e1ctica con fichajes de muchas luces y pocas nueces como Ayala, Luccin, Oliveira o el de los 13 millones de euros de Matuzalem que se unieron a D&#8217;Alessandro y Aimar. No hab\u00eda d\u00eda que el vestuario no entrara en erupci\u00f3n y con la n\u00f3mina m\u00e1s cara de futbolistas de la historia del club y a dos puntos del descenso, V\u00edctor Fern\u00e1ndez sabore\u00f3 por segunda y \u00faltima vez el amargor del cese en el Real Zaragoza. Volvi\u00f3 al Betis, visit\u00f3 La Coru\u00f1a y ambos casos no termin\u00f3 su trabajo. En 2018 repiti\u00f3 con el Real Zaragoza, pero en esta ocasi\u00f3n en Segunda y se fue con una nueva espina clavada, visiblemente cansado del f\u00fatbol y ya alejado de un escenario que tambi\u00e9n le hab\u00eda abandonado por desgaste y falta de actualizaci\u00f3n.<\/p>\n<p>Le puede el orgullo, su zaragocismo, la convicci\u00f3n de que el Real Zaragoza le debe algo y que \u00e9l tiene una deuda con el Real Zaragoza. Las circunstancias y su inclinaci\u00f3n natural a dejarse sentir en la atm\u00f3sfera del club est\u00e9 a dos metros o a mil kil\u00f3metros de distancia gracias a sus amistosos altavoces y otros feligreses de su iglesia, le han devuelto al punto de partida por cuarta vez en su vida. Conserva la personalidad, la pasi\u00f3n, los ap\u00f3stoles de siempre, el conocimiento del medio y el gusto por satisfacer el paladar del hincha, y para este regreso se ha vestido con la figura amable y competente de David Navarro. Este lunes ser\u00e1 presentado en una sala de prensa que podr\u00eda ser su sal\u00f3n de estar para retarse a s\u00ed mismo, a la historia, a un ascenso que de lograrlo el pr\u00f3ximo ejercicio est\u00e9 en el cargo que est\u00e9 le elevar\u00eda al cielo sin que tener que compartir en ese \u00faltimo viaje con el gol de Nayim.<\/p>\n","protected":false},"excerpt":{"rendered":"<p>El t\u00e9cnico aragon\u00e9s afronta a los 63 a\u00f1os un innegociable, simb\u00f3lico y urgente ascenso a Primera en su cuarta aventura en el club aragon\u00e9s, un objetivo que trasciende a cualquiera de sus logros anteriores Se le escap\u00f3 y dej\u00f3 que se le escapara el ascenso a Primera en la temporada <a class=\"read-more\" href=\"https:\/\/principesdeparis.es\/principes\/el-reto-mas-importante-en-la-carrera-de-victor-fernandez\/\">Sigue leyendo<\/a><\/p>\n","protected":false},"author":2,"featured_media":14516,"comment_status":"open","ping_status":"open","sticky":false,"template":"","format":"standard","meta":{"footnotes":""},"categories":[13,1],"tags":[],"class_list":["post-14515","post","type-post","status-publish","format-standard","has-post-thumbnail","hentry","category-publicidad","category-real-zaragoza"],"_links":{"self":[{"href":"https:\/\/principesdeparis.es\/principes\/wp-json\/wp\/v2\/posts\/14515","targetHints":{"allow":["GET"]}}],"collection":[{"href":"https:\/\/principesdeparis.es\/principes\/wp-json\/wp\/v2\/posts"}],"about":[{"href":"https:\/\/principesdeparis.es\/principes\/wp-json\/wp\/v2\/types\/post"}],"author":[{"embeddable":true,"href":"https:\/\/principesdeparis.es\/principes\/wp-json\/wp\/v2\/users\/2"}],"replies":[{"embeddable":true,"href":"https:\/\/principesdeparis.es\/principes\/wp-json\/wp\/v2\/comments?post=14515"}],"version-history":[{"count":12,"href":"https:\/\/principesdeparis.es\/principes\/wp-json\/wp\/v2\/posts\/14515\/revisions"}],"predecessor-version":[{"id":14529,"href":"https:\/\/principesdeparis.es\/principes\/wp-json\/wp\/v2\/posts\/14515\/revisions\/14529"}],"wp:featuredmedia":[{"embeddable":true,"href":"https:\/\/principesdeparis.es\/principes\/wp-json\/wp\/v2\/media\/14516"}],"wp:attachment":[{"href":"https:\/\/principesdeparis.es\/principes\/wp-json\/wp\/v2\/media?parent=14515"}],"wp:term":[{"taxonomy":"category","embeddable":true,"href":"https:\/\/principesdeparis.es\/principes\/wp-json\/wp\/v2\/categories?post=14515"},{"taxonomy":"post_tag","embeddable":true,"href":"https:\/\/principesdeparis.es\/principes\/wp-json\/wp\/v2\/tags?post=14515"}],"curies":[{"name":"wp","href":"https:\/\/api.w.org\/{rel}","templated":true}]}}