{"id":14530,"date":"2024-03-11T12:01:12","date_gmt":"2024-03-11T12:01:12","guid":{"rendered":"https:\/\/principesdeparis.es\/principes\/?p=14530"},"modified":"2024-03-11T12:01:12","modified_gmt":"2024-03-11T12:01:12","slug":"velazquez-el-entrenador-perdido","status":"publish","type":"post","link":"https:\/\/principesdeparis.es\/principes\/velazquez-el-entrenador-perdido\/","title":{"rendered":"Vel\u00e1zquez, el entrenador perdido"},"content":{"rendered":"<p style=\"text-align: center;\"><em><strong>Se va un t\u00e9cnico que nunca supo c\u00f3mo hacer del Real Zaragoza un equipo cercano al victoria hasta quedar atrapado tan s\u00f3lo en la ret\u00f3rica<\/strong><\/em><\/p>\n<p>El club ya hecho oficial la restricci\u00f3n de contrato de Julio Vel\u00e1zquez, que ha dirigido al Real Zaragoza durante 14 partidos sin conseguir elevar el nivel competitivo que se busc\u00f3 tras la destituci\u00f3n de Fran Escrib\u00e1. No s\u00f3lo no mejor\u00f3 al equipo, sino que lo empeor\u00f3 a nivel individual y colectivo hasta verse superado por completo por una racha de cinco jornadas en las que el equipo perdi\u00f3 cuatro partidos y marc\u00f3 un solo gol. El salmantino fue una apuesta de Juan Carlos Cordero, un perfil profesional que en principio no transmit\u00eda ni fr\u00edo ni calor y que fue presentado con un comunicado que finalizaba de esta forma: \u00abAterriza en el Real Zaragoza un entrenador vers\u00e1til, con una amplia formaci\u00f3n y experiencia en la \u00e9lite de diferentes pa\u00edses europeos, pero con un gran conocimiento del f\u00fatbol espa\u00f1ol. Afronta el reto de entrenar a nuestro equipo y plenamente comprometido con el desaf\u00edo que supone este proyecto\u00bb. Vel\u00e1zquez, del primer al \u00faltimo minuto, recurri\u00f3 a una oratoria t\u00e9cnica y trufada de obviedades sobre la dificultad de la categor\u00eda y lo fant\u00e1stico del reto diario, evitando la palabra ascenso. Encontr\u00f3 en los tres centrales un santo grial que a la larga se convirti\u00f3 en su soga desde el momento que ese sistema condicion\u00f3 a unos futbolistas al servicio de un esquema que minimizaba sus pocas virtudes y achataba a\u00fan m\u00e1s los recursos ofensivos. Poco a poco, el Real Zaragoza se dej\u00f3 someter por todos los rivales, con la racaner\u00eda de buscar el \u00e9xito en el error ajeno. Descubierto y desarmado su plan, Vel\u00e1zquez se dej\u00f3 llevar por la histeria con los partidos en marcha y los resultados en contra, recurriendo a una manejo pueril de los cambios y del dibujo, plagado de borrones indescifrables. Se qued\u00f3 atrapado en la ret\u00f3rica y en su peque\u00f1o y misterioso bloc de notas, v\u00edctima del rebuscamiento de justificaciones que fueron corroborando que se hab\u00eda perdido para siempre con y en el Real Zaragoza, un lugar legitimado por historia y once a\u00f1os de calvario a renunciar a las medias tintas.<\/p>\n","protected":false},"excerpt":{"rendered":"<p>Se va un t\u00e9cnico que nunca supo c\u00f3mo hacer del Real Zaragoza un equipo cercano al victoria hasta quedar atrapado tan s\u00f3lo en la ret\u00f3rica El club ya hecho oficial la restricci\u00f3n de contrato de Julio Vel\u00e1zquez, que ha dirigido al Real Zaragoza durante 14 partidos sin conseguir elevar el <a class=\"read-more\" href=\"https:\/\/principesdeparis.es\/principes\/velazquez-el-entrenador-perdido\/\">Sigue leyendo<\/a><\/p>\n","protected":false},"author":2,"featured_media":14531,"comment_status":"open","ping_status":"open","sticky":false,"template":"","format":"standard","meta":{"footnotes":""},"categories":[13,1],"tags":[],"class_list":["post-14530","post","type-post","status-publish","format-standard","has-post-thumbnail","hentry","category-publicidad","category-real-zaragoza"],"_links":{"self":[{"href":"https:\/\/principesdeparis.es\/principes\/wp-json\/wp\/v2\/posts\/14530","targetHints":{"allow":["GET"]}}],"collection":[{"href":"https:\/\/principesdeparis.es\/principes\/wp-json\/wp\/v2\/posts"}],"about":[{"href":"https:\/\/principesdeparis.es\/principes\/wp-json\/wp\/v2\/types\/post"}],"author":[{"embeddable":true,"href":"https:\/\/principesdeparis.es\/principes\/wp-json\/wp\/v2\/users\/2"}],"replies":[{"embeddable":true,"href":"https:\/\/principesdeparis.es\/principes\/wp-json\/wp\/v2\/comments?post=14530"}],"version-history":[{"count":1,"href":"https:\/\/principesdeparis.es\/principes\/wp-json\/wp\/v2\/posts\/14530\/revisions"}],"predecessor-version":[{"id":14532,"href":"https:\/\/principesdeparis.es\/principes\/wp-json\/wp\/v2\/posts\/14530\/revisions\/14532"}],"wp:featuredmedia":[{"embeddable":true,"href":"https:\/\/principesdeparis.es\/principes\/wp-json\/wp\/v2\/media\/14531"}],"wp:attachment":[{"href":"https:\/\/principesdeparis.es\/principes\/wp-json\/wp\/v2\/media?parent=14530"}],"wp:term":[{"taxonomy":"category","embeddable":true,"href":"https:\/\/principesdeparis.es\/principes\/wp-json\/wp\/v2\/categories?post=14530"},{"taxonomy":"post_tag","embeddable":true,"href":"https:\/\/principesdeparis.es\/principes\/wp-json\/wp\/v2\/tags?post=14530"}],"curies":[{"name":"wp","href":"https:\/\/api.w.org\/{rel}","templated":true}]}}