{"id":14534,"date":"2024-03-12T00:38:39","date_gmt":"2024-03-12T00:38:39","guid":{"rendered":"https:\/\/principesdeparis.es\/principes\/?p=14534"},"modified":"2024-03-12T01:07:41","modified_gmt":"2024-03-12T01:07:41","slug":"victor-esto-es-otra-historia","status":"publish","type":"post","link":"https:\/\/principesdeparis.es\/principes\/victor-esto-es-otra-historia\/","title":{"rendered":"V\u00edctor, esto es otra historia"},"content":{"rendered":"<p style=\"text-align: center;\"><em><strong>El nuevo entrenador, recibido como un mes\u00edas, se enfrenta a un escenario que pretende gobernar para llevar al equipo a Primera, pero tendr\u00e1 que lidiar con una propiedad laber\u00edntica muy distinta a los poderes familiares que conoci\u00f3<\/strong><\/em><\/p>\n<p>Ha estado dando vueltas sobre la pista de aterrizaje desde que fue destituido Fran Escrib\u00e1. Al final, Ra\u00fal Sanlleh\u00ed ha consentido que aterrice por cuarta vez en el banquillo del Real Zaragoza. El director general, que ya hab\u00eda recibido sugerencias desde diferentes foros para que fichara a V\u00edctor Fern\u00e1ndez, ha entendido que tras el fracaso con Julio Vel\u00e1zquez, elegido por Juan Carlos Cordero, deb\u00eda establecer un per\u00edmetro de seguridad para su cuestionado trabajo. Los errores del director general golean a los aciertos desde que se convirti\u00f3 en el cord\u00f3n umbilical entre la propiedad y el club en todos los frentes abiertos, con especial \u00e9nfasis en el nuevo estadio. Ha fallado en su selecci\u00f3n para los despachos y Cordero le ha ayudado m\u00e1s bien poco en la parcela deportiva. Tres entrenadores destituidos, un rendimiento muy pobre el grueso de las plantillas y un par de situaciones l\u00edmite provocadas por el divorcio con el gol que han desplazado el foco de luchar por estar lo m\u00e1s arriba posible a pelear por la permanencia, son suficientes desaciertos como para que cualquier empresa futbol\u00edstica fulmine a sus empleados por muy de lujo que sean. Hab\u00eda otras alternativas, pero Sanlleh\u00ed no las ha contemplado mientras Cordero tanteaba a su amigo \u00c1lvaro Cervera.<\/p>\n<p>La decisi\u00f3n ha sido pol\u00edtica y, desde luego, el aparato propagand\u00edstico se ha encargado de difundirlo como un encuentro inevitable, un cuento de hadas. Ahora V\u00edctor Fern\u00e1ndez es amigo y, despu\u00e9s de que reconduzca al equipo hacia un curso sin m\u00e1s sobresaltos, tendr\u00e1 la santa misi\u00f3n del ascenso. En un a\u00f1o debe cumplir con lo que nadie, ni \u00e9l mismo, ha conseguido en once en Segunda. En el acuerdo se establece una cl\u00e1usula no escrita e impuesta por el entrenador aragon\u00e9s para que en el pr\u00f3ximo ejercicio tenga poder de decisi\u00f3n en la configuraci\u00f3n del plantel. Todo se ha desarrollado en un marco id\u00edlico o as\u00ed se ha transmitido a los medios de comunicaci\u00f3n y a la afici\u00f3n, porque Cordero no est\u00e1 precisamente dando palmas de alegr\u00eda si se confirma con el tiempo que tendr\u00e1 que compartir o asumir la selecci\u00f3n de futbolistas. Es decir que en algunos casos sea segundo plato de los diferentes asesores internos y externos del t\u00e9cnico. La cuesti\u00f3n, a\u00fan por descubrir, no es tanto si habr\u00e1 o no sinton\u00eda entre dos personalidades tan fuertes, sino hasta qu\u00e9 punto el fondo de inversi\u00f3n atender\u00e1 las profundas y necesarias reformas que el entrenador pretende hacer en el vestuario. Primero con 17 futbolitas con contrato hasta 2025 como m\u00ednimo, y despu\u00e9s con la imposici\u00f3n de unas sinergias que exigen filtros m\u00e1s finos.<\/p>\n<p>V\u00edctor Fern\u00e1ndez quiere trabajar con conjuntos armados para ganar cueste lo que cueste. Siempre lo ha hecho o lo ha intentado. La hinchada, la que le conoce su leyenda y la que ha escuchado de sus haza\u00f1as, est\u00e1 encantada con su retorno mesi\u00e1nico, donde la palabra talento invade su mensaje. Pero en esta ocasi\u00f3n, muy al contrario que en sus anteriores etapas en la entidad, se va encontrar con un escenario muy diferente, ajeno a aquellos pasillos cortos que ten\u00eda que recorrer para hacerse escuchar con rotundidad. Jos\u00e9 \u00c1ngel Zalba, su mentor, y Alfonso Solans Serrano, que le trataba literalmente mejor que a un hijo, le dulcificaron sus primeros pasos profesionales bajo la tutor\u00eda sensata y mediadora de Avelino Chaves. Se le hizo un equipo campe\u00f3n y el supo conducirlo con elegancia. Con Alfonso Solans j\u00fanior, con quien las relaciones eran bastantes m\u00e1s fr\u00edas, sucumbi\u00f3 a los malos resultados. Despu\u00e9s aparecieron Agapito Iglesias con su agradecida billetera y un soporte pol\u00edtico que comulgaba con los principios del entrenador, y la Fundaci\u00f3n, que con todas sus estrecheces y sus miras cortas, estaba compuesta por personajes entroncados por amistad o mucha cercan\u00eda con el preparador. Su voz, en casi todos los casos, coten\u00eda un alto porcentaje de seducci\u00f3n.<\/p>\n<p>El margen de maniobra de Sanlleh\u00ed est\u00e1 sujeto a otras directrices, regidas por los n\u00fameros y no tanto por los h\u00e9roes. En principio, el director general ha aceptado todas las condiciones, si bien el alcance de esa flexibilidad habr\u00e1 que comprobarlo en directo, cuando haya que preparar la pr\u00f3xima campa\u00f1a. No favorece un tipo de SAD tan dispersa y laber\u00edntica que en lo deportivo, al menos hasta la fecha, ha realizado un gasto moderado. El complejo entramado de la propiedad complica las relaciones directas y dificulta localizar el punto exacto donde se cuecen las decisiones. V\u00edctor Fern\u00e1ndez no ha tratado con interlocutores casi nunca, sino con el proveedor principal. Para obrar el milagro del ascenso a toda mecha, algo que se contradice con el proyecto org\u00e1nico y sin prisas marcado en el libro de ruta de los accionistas y comunicada en p\u00fablico por Sanlleh\u00ed, el t\u00e9cnico puede chocar en esta oportunidad contra m\u00faltiples puertas y muy pocos rostros. Le hacen falta jugadores de nivel y le sobra mucha paja. Le van a dejar gobernar, \u00bfpero hasta d\u00f3nde? Esto es otra historia. Los inversores an\u00f3nimos adoran tambi\u00e9n los finales felices siempre y cuando vayan acompa\u00f1ados de beneficios para sus bolsillos.<\/p>\n","protected":false},"excerpt":{"rendered":"<p>El nuevo entrenador, recibido como un mes\u00edas, se enfrenta a un escenario que pretende gobernar para llevar al equipo a Primera, pero tendr\u00e1 que lidiar con una propiedad laber\u00edntica muy distinta a los poderes familiares que conoci\u00f3 Ha estado dando vueltas sobre la pista de aterrizaje desde que fue destituido <a class=\"read-more\" href=\"https:\/\/principesdeparis.es\/principes\/victor-esto-es-otra-historia\/\">Sigue leyendo<\/a><\/p>\n","protected":false},"author":2,"featured_media":14535,"comment_status":"open","ping_status":"open","sticky":false,"template":"","format":"standard","meta":{"footnotes":""},"categories":[13,1],"tags":[],"class_list":["post-14534","post","type-post","status-publish","format-standard","has-post-thumbnail","hentry","category-publicidad","category-real-zaragoza"],"_links":{"self":[{"href":"https:\/\/principesdeparis.es\/principes\/wp-json\/wp\/v2\/posts\/14534","targetHints":{"allow":["GET"]}}],"collection":[{"href":"https:\/\/principesdeparis.es\/principes\/wp-json\/wp\/v2\/posts"}],"about":[{"href":"https:\/\/principesdeparis.es\/principes\/wp-json\/wp\/v2\/types\/post"}],"author":[{"embeddable":true,"href":"https:\/\/principesdeparis.es\/principes\/wp-json\/wp\/v2\/users\/2"}],"replies":[{"embeddable":true,"href":"https:\/\/principesdeparis.es\/principes\/wp-json\/wp\/v2\/comments?post=14534"}],"version-history":[{"count":5,"href":"https:\/\/principesdeparis.es\/principes\/wp-json\/wp\/v2\/posts\/14534\/revisions"}],"predecessor-version":[{"id":14537,"href":"https:\/\/principesdeparis.es\/principes\/wp-json\/wp\/v2\/posts\/14534\/revisions\/14537"}],"wp:featuredmedia":[{"embeddable":true,"href":"https:\/\/principesdeparis.es\/principes\/wp-json\/wp\/v2\/media\/14535"}],"wp:attachment":[{"href":"https:\/\/principesdeparis.es\/principes\/wp-json\/wp\/v2\/media?parent=14534"}],"wp:term":[{"taxonomy":"category","embeddable":true,"href":"https:\/\/principesdeparis.es\/principes\/wp-json\/wp\/v2\/categories?post=14534"},{"taxonomy":"post_tag","embeddable":true,"href":"https:\/\/principesdeparis.es\/principes\/wp-json\/wp\/v2\/tags?post=14534"}],"curies":[{"name":"wp","href":"https:\/\/api.w.org\/{rel}","templated":true}]}}