{"id":14541,"date":"2024-03-12T12:52:54","date_gmt":"2024-03-12T12:52:54","guid":{"rendered":"https:\/\/principesdeparis.es\/principes\/?p=14541"},"modified":"2024-03-12T13:43:33","modified_gmt":"2024-03-12T13:43:33","slug":"victor-fernandez-interrumpe-la-rueda-de-prensa-y-se-va-llorando","status":"publish","type":"post","link":"https:\/\/principesdeparis.es\/principes\/victor-fernandez-interrumpe-la-rueda-de-prensa-y-se-va-llorando\/","title":{"rendered":"Las emociones y las l\u00e1grimas de V\u00edctor Fern\u00e1ndez presiden la presentaci\u00f3n"},"content":{"rendered":"<p><strong>Sanlleh\u00ed:<\/strong> \u00abV\u00edctor es la parte dulce de esta etapa amarga de destituci\u00f3n de dos entrenadores. El proceso s\u00f3lo tuvo sobre la mesa, ofrecida por Juan Carlos Cordero, de V\u00edctor Fern\u00e1ndez. No tiene por qu\u00e9 estar aqu\u00ed, s\u00f3lo lo hace por su zaragocismo y te doy las gracias. Asumes un papel de riesgo y de confirmar tu peso y tu rol en la historia de este club. Quiero dejar claro que no viene de bombero sino por lo que queremos que nos d\u00e9 a este club. Me ha emocionado verle emocionado porque se ha comportado como si fuera un novato mientras hablaba a los chavales. Para m\u00ed ha sido una se\u00f1al de que estamos en el camino adecuado\u00bb.<\/p>\n<p><strong>Cordero:<\/strong> \u00abNo necesita presentaci\u00f3n. ES un referente en la ciudad y del f\u00fatbol, una dosis en vena de zaragocismo. Es el \u00fanico nombre que he barajado. Es el id\u00f3neo con su mensaje va a llegar a los jugadores y a la afici\u00f3n. La ciudad y el Real Zaragoza necesitaban a V\u00edctor porque estamos en una situaci\u00f3n peligrosa. Necesitamos la uni\u00f3n de todos\u00bb .<\/p>\n<p><strong>VICTOR FERN\u00c1NDEZ<\/strong><\/p>\n<p><strong>C\u00f3mo llega y mensaje:<\/strong> \u00abAl llegar a la Ciudad Deportiva me sent\u00eda raro y nervioso. Casi no pod\u00eda hablarles<\/p>\n<p>V\u00edctor, muy emocionado, interrumpe la rueda de prensa, abandona la sala moment\u00e1neamente, llorando&#8230;<\/p>\n<p><strong>Sigue la rueda de prensa:<\/strong> \u00abLes he dicho a los chicos que con 63 a\u00f1os me haya puesto nervioso no sab\u00eda por qu\u00e9 era. Luego he estado firme y convincente. Si vengo es porque las cosas no estaban saliendo bien. Buscaremos el porqu\u00e9.\u00a0 Ahora estamos en un estado de alerta y les he pedido a los jugadores que sean responsables y maduros ante una amenaza muy peligrosa. Les he comentado tambi\u00e9n que debemos tener capacidad de autocr\u00edtica porque no estamos dando nada a la afici\u00f3n. No llego como un salvador. Yo viv\u00eda muy bien y he venido desde la humildad. Les he dicho que les voy a ayudar pero que con los grandes con las herramientas que necesiten pero que los protagonistas son ellos. Estas van a ser las pautas de entrada. Quiero aportan coherencia y espero tener energ\u00eda. Tengo fuego, ilusi\u00f3n y amor\u00bb.<\/p>\n<p><strong>M\u00e9todo:<\/strong> \u00abNo es lo mismo ver los partidos desde televisi\u00f3n que desde dentro. Ese es mi punto de partida, lo que he visto desde fuera. Primero debo poner a los jugadores en los puestos donde tengan su techo. Despu\u00e9s adaptar el sistema a las cualidades, donde habr\u00e1 muy poca gente que est\u00e9 sacrificada por la t\u00e1ctica. La propuesta ser\u00e1 como soy yo. Jugar\u00e9 proponiendo, siempre con la iniciativa de querer el bal\u00f3n. Todo va\u00a0 a girar alrededor del bal\u00f3n. Y antes de que se me olvide, no s\u00e9 la energ\u00eda que tengo. Creo que es mucha. Ante esa duda me he rodeado de un equipo de trabajo muy fuerte (vuelve a emocionarse)\u00bb.<\/p>\n<p><strong>Experiencia en estas situaciones:<\/strong> \u00abUn amigo que dijo que ten\u00eda que coger el equipo porque ahora no era necesaria una heroicidad. En el equipo t\u00e9cnico me veo reflejado con mucha gente&#8230;<\/p>\n<p>V\u00edctor vuelve a salir de la sala prensa con l\u00e1grimas en los ojos&#8230; Se comunica que es mejor no seguir<\/p>\n<p>El entrenador regresa de nuevo.<\/p>\n<p><strong>Primera toma de contacto:<\/strong> \u00abMi aportaci\u00f3n ten\u00eda que ser muy simple porque no quiero demostrar nada sobre m\u00ed. Asumir\u00e9 la presi\u00f3n. Su reacci\u00f3n ha sido un entrenamiento que lo he tenido que cortar porque quer\u00edan m\u00e1s. Es normal cuando hay un t\u00e9cnico nuevo\u00bb.<\/p>\n<p><strong>Seguridad en volver:<\/strong> \u00abNo he pensado mucho. Ten\u00eda una vida muy c\u00f3moda. No pensaba en volver de forma inmediata. Lo de la pandemia me aniquil\u00f3 como persona y como entrenador. En un soledad infinita. Mis agentes me dijeron de ofertas para ir a los Emiratos, pero no me llamaba la atenci\u00f3n. Luego me llamaron Ra\u00fal y Juan Carlos\u00bb.<\/p>\n<p><strong>Condiciones:<\/strong> \u00abLas condiciones de respeto a una persona y de lealtad. De cara al futuro, primero hay que mirar cerca para luego mirar lejos\u00bb.<\/p>\n<p><strong>Mensaje a la afici\u00f3n: <\/strong>\u00abVamos a ganar al Espanyol. El calendario lo he visto por encima. Luego vamos a Miranda.\u00a0 La Segunda es una categor\u00eda dif\u00edcil y deber\u00edamos aceptar que el Espanyol es el mejor equipo. Nosotros deber\u00edamos estar m\u00e1s arriba y pensamos en ganar. No tengo ahora puesta la cabeza sobre lo que se puede hacer despu\u00e9s de ese encuentro\u00bb.<\/p>\n<p><strong>Consciente de la expectaci\u00f3n y del cari\u00f1o:<\/strong> \u00abJam\u00e1s devolver\u00e9 al Real Zaragoza lo que me ha dado. Tengo que devolverle como pueda, con capacidad, ilusi\u00f3n y acertar. Ese es mi papel. Yo he sido y soy un t\u00edo de mucha suerte porque he tenido muy buenos jugadores, de lo que me siento orgulloso. Ahora llego a un equipo que no conozco pero s\u00e9 que deben de dar m\u00e1s porque han dado poco, y se lo voy a exigir. \u00bfEso nos alcanzar\u00e1\u00bb No lo s\u00e9. A la afici\u00f3n les digo que crean porque los jugadores me han demostrado que tienen actitud. Yo les meter\u00e9 ca\u00f1a\u00bb.<\/p>\n<p>&nbsp;<\/p>\n<p><iframe loading=\"lazy\" title=\"EN DIRECTO | La presentaci\u00f3n de V\u00edctor Fern\u00e1ndez con el Real Zaragoza\" src=\"https:\/\/www.youtube.com\/embed\/Xy7RN1tW6ZQ\" width=\"764\" height=\"430\" frameborder=\"0\" allowfullscreen=\"allowfullscreen\"><\/iframe><\/p>\n","protected":false},"excerpt":{"rendered":"<p>Sanlleh\u00ed: \u00abV\u00edctor es la parte dulce de esta etapa amarga de destituci\u00f3n de dos entrenadores. El proceso s\u00f3lo tuvo sobre la mesa, ofrecida por Juan Carlos Cordero, de V\u00edctor Fern\u00e1ndez. No tiene por qu\u00e9 estar aqu\u00ed, s\u00f3lo lo hace por su zaragocismo y te doy las gracias. Asumes un papel <a class=\"read-more\" href=\"https:\/\/principesdeparis.es\/principes\/victor-fernandez-interrumpe-la-rueda-de-prensa-y-se-va-llorando\/\">Sigue leyendo<\/a><\/p>\n","protected":false},"author":2,"featured_media":14554,"comment_status":"open","ping_status":"open","sticky":false,"template":"","format":"standard","meta":{"footnotes":""},"categories":[13,1],"tags":[],"class_list":["post-14541","post","type-post","status-publish","format-standard","has-post-thumbnail","hentry","category-publicidad","category-real-zaragoza"],"_links":{"self":[{"href":"https:\/\/principesdeparis.es\/principes\/wp-json\/wp\/v2\/posts\/14541","targetHints":{"allow":["GET"]}}],"collection":[{"href":"https:\/\/principesdeparis.es\/principes\/wp-json\/wp\/v2\/posts"}],"about":[{"href":"https:\/\/principesdeparis.es\/principes\/wp-json\/wp\/v2\/types\/post"}],"author":[{"embeddable":true,"href":"https:\/\/principesdeparis.es\/principes\/wp-json\/wp\/v2\/users\/2"}],"replies":[{"embeddable":true,"href":"https:\/\/principesdeparis.es\/principes\/wp-json\/wp\/v2\/comments?post=14541"}],"version-history":[{"count":11,"href":"https:\/\/principesdeparis.es\/principes\/wp-json\/wp\/v2\/posts\/14541\/revisions"}],"predecessor-version":[{"id":14556,"href":"https:\/\/principesdeparis.es\/principes\/wp-json\/wp\/v2\/posts\/14541\/revisions\/14556"}],"wp:featuredmedia":[{"embeddable":true,"href":"https:\/\/principesdeparis.es\/principes\/wp-json\/wp\/v2\/media\/14554"}],"wp:attachment":[{"href":"https:\/\/principesdeparis.es\/principes\/wp-json\/wp\/v2\/media?parent=14541"}],"wp:term":[{"taxonomy":"category","embeddable":true,"href":"https:\/\/principesdeparis.es\/principes\/wp-json\/wp\/v2\/categories?post=14541"},{"taxonomy":"post_tag","embeddable":true,"href":"https:\/\/principesdeparis.es\/principes\/wp-json\/wp\/v2\/tags?post=14541"}],"curies":[{"name":"wp","href":"https:\/\/api.w.org\/{rel}","templated":true}]}}