{"id":14557,"date":"2024-03-12T15:24:13","date_gmt":"2024-03-12T15:24:13","guid":{"rendered":"https:\/\/principesdeparis.es\/principes\/?p=14557"},"modified":"2024-03-13T00:52:28","modified_gmt":"2024-03-13T00:52:28","slug":"victor-fernandez-no-esta-bien","status":"publish","type":"post","link":"https:\/\/principesdeparis.es\/principes\/victor-fernandez-no-esta-bien\/","title":{"rendered":"V\u00edctor Fern\u00e1ndez no est\u00e1 bien"},"content":{"rendered":"<p style=\"text-align: center;\"><em><strong>La presentaci\u00f3n del t\u00e9cnico pone de manifiesto una turbulencia de emociones entre las que es dif\u00edcil distinguir entre una persona superada por el momento o alguien fuera de su tiempo profesional<\/strong><\/em><\/p>\n<p>Quienes hemos visto cientos de ruedas de prensa de V\u00edctor Fern\u00e1ndez antes y al final de los partidos, al acabar una etapa dura o en el principio de un regreso al Real Zaragoza, nos hemos encontrado con un personaje muy seguro de s\u00ed mismo, apasionado siempre, emocionado alguna vez y no pocas veces altivo. Este V\u00edctor Fern\u00e1ndez, el que ha hablado esta ma\u00f1ana, tiene poco que ver con aquel. Ha tenido que interrumpir en dos ocasiones su comparecencia y salir de la sala, maniatado por las emociones, el llanto y un nerviosismo de muchos decibelios, algo inusual para un dominador absoluto de este tipo de escenarios. Ser\u00eda l\u00f3gico interpretar que sus deseos y la tremenda exigencia de volver para otra misi\u00f3n tit\u00e1nica, la de ascender al equipo porque la permanencia, como ha reconocido, necesita \u00abpoca heroicidad\u00bb, han desfigurado su acostumbrada firmeza. Un ser humano que se quiebra sin m\u00e1s, ahogado por la turbulencia incontenible de los sentimientos, de la responsabilidad y la mirada de una afici\u00f3n que ya no le observa como un mes\u00edas, sino como un dios. Pero ha habido episodios que han mostrado se\u00f1ales del estado de \u00e1nimo de alguien fuera de su tiempo profesional. No es sencillo distinguir hasta qu\u00e9 punto V\u00edctor se ha dejado llevar o ha enviado mensajes subliminales de que, en el fondo, esta cruz ya le pesa demasiado.<\/p>\n<p>\u00abLa pandemia me aniquil\u00f3 como persona y como entrenador\u00bb. \u00abNo s\u00e9 si tengo la suficiente energ\u00eda. Ante esa duda me he rodeado de un equipo de trabajo muy fuerte\u00bb. \u00abTen\u00eda una vida muy c\u00f3moda. No pensaba en volver de forma inmediata\u00bb. Su discurso ha sido reconocible en cuanto a lo que espera de los futbolistas y cu\u00e1l es el objetivo inmediato, la permanencia, y todo lo que debe al club y quiere devolverle. \u00abTengo fuego, ilusi\u00f3n y amor\u00bb. Sin embargo, se han detectado varias desconexiones, como si por dentro tiraran de una cuerda el sue\u00f1o de poner la guinda a su exitosa carrera en este club y voces que han reavivado una llama que por s\u00ed mismo no hubiera encendido. No tiene que demostrar nada a nadie y corre el peligro de que todo acabe como el rosario de la aurora. \u00bfPor qu\u00e9 ha vuelto entonces? Justificar todo lo que ha sucedido hoy en La Romareda como la consecuencia de un entrenador valiente que ha expresado sin careta alguna su luminoso e incuestionable zaragocismo y su humanidad, sin ser incierto, parece demasiado simple. La fragilidad es tambi\u00e9n una virtud de los fuertes. Ciertas formas de titubeo desvelan que en el fondo subyace un problema. Sinceramente creo que V\u00edctor Fern\u00e1ndez no est\u00e1 bien, al menos para hacerse cargo de un Real Zaragoza que le reclamar\u00e1 hasta la \u00faltima gota de sangre otra vez m\u00e1s. Era feliz en el descanso del guerrero, una batalla suficiente para quien lo ha ganado todo. Su llanto ha sido hijo de la emoci\u00f3n, pero tambi\u00e9n de las dudas. Ni que decir tiene que la teatralidad queda descartada. Si no fuese as\u00ed, m\u00e1s raz\u00f3n para afirmar que no, no est\u00e1 bien.<\/p>\n","protected":false},"excerpt":{"rendered":"<p>La presentaci\u00f3n del t\u00e9cnico pone de manifiesto una turbulencia de emociones entre las que es dif\u00edcil distinguir entre una persona superada por el momento o alguien fuera de su tiempo profesional Quienes hemos visto cientos de ruedas de prensa de V\u00edctor Fern\u00e1ndez antes y al final de los partidos, al <a class=\"read-more\" href=\"https:\/\/principesdeparis.es\/principes\/victor-fernandez-no-esta-bien\/\">Sigue leyendo<\/a><\/p>\n","protected":false},"author":2,"featured_media":14558,"comment_status":"open","ping_status":"open","sticky":false,"template":"","format":"standard","meta":{"footnotes":""},"categories":[13,1],"tags":[],"class_list":["post-14557","post","type-post","status-publish","format-standard","has-post-thumbnail","hentry","category-publicidad","category-real-zaragoza"],"_links":{"self":[{"href":"https:\/\/principesdeparis.es\/principes\/wp-json\/wp\/v2\/posts\/14557","targetHints":{"allow":["GET"]}}],"collection":[{"href":"https:\/\/principesdeparis.es\/principes\/wp-json\/wp\/v2\/posts"}],"about":[{"href":"https:\/\/principesdeparis.es\/principes\/wp-json\/wp\/v2\/types\/post"}],"author":[{"embeddable":true,"href":"https:\/\/principesdeparis.es\/principes\/wp-json\/wp\/v2\/users\/2"}],"replies":[{"embeddable":true,"href":"https:\/\/principesdeparis.es\/principes\/wp-json\/wp\/v2\/comments?post=14557"}],"version-history":[{"count":4,"href":"https:\/\/principesdeparis.es\/principes\/wp-json\/wp\/v2\/posts\/14557\/revisions"}],"predecessor-version":[{"id":14562,"href":"https:\/\/principesdeparis.es\/principes\/wp-json\/wp\/v2\/posts\/14557\/revisions\/14562"}],"wp:featuredmedia":[{"embeddable":true,"href":"https:\/\/principesdeparis.es\/principes\/wp-json\/wp\/v2\/media\/14558"}],"wp:attachment":[{"href":"https:\/\/principesdeparis.es\/principes\/wp-json\/wp\/v2\/media?parent=14557"}],"wp:term":[{"taxonomy":"category","embeddable":true,"href":"https:\/\/principesdeparis.es\/principes\/wp-json\/wp\/v2\/categories?post=14557"},{"taxonomy":"post_tag","embeddable":true,"href":"https:\/\/principesdeparis.es\/principes\/wp-json\/wp\/v2\/tags?post=14557"}],"curies":[{"name":"wp","href":"https:\/\/api.w.org\/{rel}","templated":true}]}}