{"id":14568,"date":"2024-03-15T10:32:18","date_gmt":"2024-03-15T10:32:18","guid":{"rendered":"https:\/\/principesdeparis.es\/principes\/?p=14568"},"modified":"2024-03-15T10:48:07","modified_gmt":"2024-03-15T10:48:07","slug":"los-jugadores-que-necesita-victor-si-o-si","status":"publish","type":"post","link":"https:\/\/principesdeparis.es\/principes\/los-jugadores-que-necesita-victor-si-o-si\/","title":{"rendered":"Los jugadores que necesita V\u00edctor s\u00ed o s\u00ed"},"content":{"rendered":"<p style=\"text-align: center;\"><em><strong>El t\u00e9cnico, cuya principal misi\u00f3n est\u00e1 enfocada en la pr\u00f3xima temporada, debe reactivar a Jair, Aguado, Moya, Bakis y Vallejo para ofrecer algo diferente a sus antecesores y quitar el susto del cuerpo al equipo<\/strong><\/em><\/p>\n<p>El Real Zaragoza va jugar de otra forma con V\u00edctor Fern\u00e1ndez. No cabe la mejor duda por la distancia conceptual que le separa de sus antecesores. El t\u00e9cnico aragon\u00e9s, por estilo y principios, tambi\u00e9n por placer personal, no entiende este deporte sin ser protagonista. Lo va a intentar en su debut contra el Espanyol, un rival de m\u00e1xima exigencia y, suceda lo que suceda, insistir\u00e1 en transmitir al grupo sus mandamientos innegociables m\u00e1s all\u00e1 de este encuentro. Tiene el mismo problema que Fran Escriba y que Julio Vel\u00e1zquez, una plantilla de perfil bajo y acongojada por la reducci\u00f3n colectiva e individual de rendimiento que ha provocado una racha terrible de resultados. Para desmarcarse lo antes posible de esa aproximaci\u00f3n al peligro tiene un trabajo colosal aunque sin urgencias porque la permanencia no va a reclamar m\u00e1s de tres victorias en 12 jornadas.<\/p>\n<p>De este Real Zaragoza se ha visto todo y poco bueno. En algunos casos, la productividad ha resultado decepcionante, impropia de futbolistas que nunca hab\u00edan ofrecido peor imagen. Para presentar y sobre todo conseguir ese cambio t\u00e1ctico y emocional que tiene la confianza, m\u00e1s que una tarea psicol\u00f3gica se necesita la complicidad y la responsabilidad de jugadores con perfiles diferenciales que hasta la fecha se han dejado llevar por la fatalidad, la depresi\u00f3n o un baj\u00f3n de prestaciones propiciado por la incomprensi\u00f3n de los mensajes de los entrenadores y por si propio desenganche. V\u00edctor Fern\u00e1ndez atender\u00e1 el problema global, pero esa correcci\u00f3n le pide la ineludible aportaci\u00f3n de cinco piezas clave para conseguirlo: Jair. Aguado, Moya, Vallejo y Bakis.<\/p>\n<p>En defensa, los costados han sido un dolor de cabeza por la lesi\u00f3n de Nieto, la poca chicha de Lecoeuche y Zedadka, la negativa a fichar un lateral izquierdo y el repentino eclipse de G\u00e1mez. La porter\u00eda sufri\u00f3 un grave colapso con la baja de Cristian, pero con Bad\u00eda la situaci\u00f3n se ha solventado con ciertas garant\u00edas. En esta linea protectora, sin embargo, el da\u00f1o se localiza en el eje, por el incomprensible traslado de Franc\u00e9s a un espacio lateralizado que le ha perjudicado y por el desplome de Jair. El portugu\u00e9s, de una extraordinaria regularidad, no es un central a las finas hierbas, pero en esta categor\u00eda, su rotundidad a\u00e9rea y su lectura el la anticipaci\u00f3n y el corte cotiza bastante m\u00e1s que el ligero perfume de Llu\u00eds L\u00f3pez o las buenas pero a\u00fan tiernas vibraciones que transmite Mouri\u00f1o. Convendr\u00eda que G\u00e1mez espabilara a la par de Jair, porque en la izquierda el margen de mejora es una inc\u00f3gnita.<\/p>\n<p>En la medular, Francho, Mollejo y Valera pese al caos al que han sido sometidos estos dos \u00faltimos como carrileros, est\u00e1n activados. No ocurre lo mismo con Moya y Aguado, que han compartido minutos sin llegar a sintonizar jam\u00e1s. El canterano comenz\u00f3 como un tiro, liderando el rombo de Escriba, para entrar poco a poco en un estado de reh\u00e9n posicional, con pocas soluciones con la pelota salvo la obviedad del pase de seguridad. Aguado es mucho m\u00e1s, si bien necesita un escenario m\u00e1s din\u00e1mico en su horizonte, no la actitud est\u00e1tica de sus compa\u00f1eros sea por orden externa o por movimientos demasiado previsibles. Toni Moya ha compartido las sombras de ese apagado centro del campo, y lo ha hecho con cierto desd\u00e9n. Es quien mejor, por no decir el \u00fanico, que sabe interpretar el \u00faltimo pase sobre la l\u00ednea de tres cuartos, y dispone de la pierna con m\u00e1s potencia para el disparo de media distancia, una virtud que apenas ha mostrado ni siquiera en las faltas. La recuperaci\u00f3n pasa en gran parte por ellos, a quienes Guti hab\u00eda iluminado bastante en el \u00fanico partido que pudo participar.<\/p>\n<p>Las combinaciones ofensivas han sido un desastre. Los ocho goles de Mesa no han maquillado un ataque de delanteros o agitadores sin gol, soluciones personalizadas ni acierto finalizador. Az\u00f3n, al menos est\u00e1 temporada, ya dicho todo lo que ten\u00eda que decir, sufriendo un retroceso considerable en su proyecci\u00f3n, y Enrich ha resultado un fiasco como revulsivo. Lo m\u00e1s inadmisible es la pereza de Manu Vallejo, quien deber\u00eda haber sido, por cualidades y experiencia en la \u00e9lite, un habitual en las alineaciones y en las acciones ofensivas y se ha quedado viendo marcharse el tren con desidia. V\u00edctor no pasar\u00e1 por alto que Vallejo es fundamental para sus planes. Como tambi\u00e9n lo es Bakis. El turco se fue a la enfermer\u00eda sin marcar un solo tanto, y apunta a reaparecer en cualquier momento, posiblemente en Anduva. Es el 9 y tiene que responder como tal. Si el t\u00e9cnico quiere un salto cualitativo, reclamar\u00e1 a todos, pero a en especial a estos cinco. S\u00ed o s\u00ed.<\/p>\n","protected":false},"excerpt":{"rendered":"<p>El t\u00e9cnico, cuya principal misi\u00f3n est\u00e1 enfocada en la pr\u00f3xima temporada, debe reactivar a Jair, Aguado, Moya, Bakis y Vallejo para ofrecer algo diferente a sus antecesores y quitar el susto del cuerpo al equipo El Real Zaragoza va jugar de otra forma con V\u00edctor Fern\u00e1ndez. No cabe la mejor <a class=\"read-more\" href=\"https:\/\/principesdeparis.es\/principes\/los-jugadores-que-necesita-victor-si-o-si\/\">Sigue leyendo<\/a><\/p>\n","protected":false},"author":2,"featured_media":14570,"comment_status":"open","ping_status":"open","sticky":false,"template":"","format":"standard","meta":{"footnotes":""},"categories":[13,1],"tags":[],"class_list":["post-14568","post","type-post","status-publish","format-standard","has-post-thumbnail","hentry","category-publicidad","category-real-zaragoza"],"_links":{"self":[{"href":"https:\/\/principesdeparis.es\/principes\/wp-json\/wp\/v2\/posts\/14568","targetHints":{"allow":["GET"]}}],"collection":[{"href":"https:\/\/principesdeparis.es\/principes\/wp-json\/wp\/v2\/posts"}],"about":[{"href":"https:\/\/principesdeparis.es\/principes\/wp-json\/wp\/v2\/types\/post"}],"author":[{"embeddable":true,"href":"https:\/\/principesdeparis.es\/principes\/wp-json\/wp\/v2\/users\/2"}],"replies":[{"embeddable":true,"href":"https:\/\/principesdeparis.es\/principes\/wp-json\/wp\/v2\/comments?post=14568"}],"version-history":[{"count":1,"href":"https:\/\/principesdeparis.es\/principes\/wp-json\/wp\/v2\/posts\/14568\/revisions"}],"predecessor-version":[{"id":14569,"href":"https:\/\/principesdeparis.es\/principes\/wp-json\/wp\/v2\/posts\/14568\/revisions\/14569"}],"wp:featuredmedia":[{"embeddable":true,"href":"https:\/\/principesdeparis.es\/principes\/wp-json\/wp\/v2\/media\/14570"}],"wp:attachment":[{"href":"https:\/\/principesdeparis.es\/principes\/wp-json\/wp\/v2\/media?parent=14568"}],"wp:term":[{"taxonomy":"category","embeddable":true,"href":"https:\/\/principesdeparis.es\/principes\/wp-json\/wp\/v2\/categories?post=14568"},{"taxonomy":"post_tag","embeddable":true,"href":"https:\/\/principesdeparis.es\/principes\/wp-json\/wp\/v2\/tags?post=14568"}],"curies":[{"name":"wp","href":"https:\/\/api.w.org\/{rel}","templated":true}]}}