{"id":14571,"date":"2024-03-15T13:20:26","date_gmt":"2024-03-15T13:20:26","guid":{"rendered":"https:\/\/principesdeparis.es\/principes\/?p=14571"},"modified":"2024-03-15T13:23:10","modified_gmt":"2024-03-15T13:23:10","slug":"a-apretar-el-culo","status":"publish","type":"post","link":"https:\/\/principesdeparis.es\/principes\/a-apretar-el-culo\/","title":{"rendered":"A apretar el culo"},"content":{"rendered":"<p style=\"text-align: center;\"><em><strong>V\u00edctor Fern\u00e1ndez pide valent\u00eda y atrevimiento a un equipo que como espectador le hab\u00eda dejado \u00abvac\u00edo\u00bb y al que le piensa dar naturalidad posicional \u00abpara que no haya excusas\u00bb<\/strong><\/em><\/p>\n<p>El Real Zaragoza ya tiene unos cuantos deberes para enfrentarse al Espanyol. V\u00edctor Fern\u00e1ndez se los ha puesto sin exigir m\u00e1s de lo que sabe que puede hacerlo, pero imponiendo a los jugadores que den lo m\u00e1ximo. \u00abYo me encargar\u00e9 de que cada uno juegue en su lugar natural, y ellos deben dar un 10 de 10. Sin excusas\u00bb. Comenta que hasta ahora, como espectador, el equipo le ha dejado \u00abvac\u00edo\u00bb, y que como entrenador su discurso ha estado dirigido a que todo lo que suceda \u00abtenga el bal\u00f3n como protagonista. Con valent\u00eda, descaro, atrevimiento y desborde. Quiero que el futbolista se exprese tal y como es. Por el momento, entiendo que no podremos ser un equipo dominante, y que si nos falta velocidad, debemos plantear el partido el mayor tiempo posible en campo contrario para que nos sea m\u00e1s sencillo llegar. Les he dicho a todos que hay que apretar el culo\u00bb.<\/p>\n<p>El t\u00e9cnico se ha referido al Espanyol como el mejor equipo de la categor\u00eda y ha mostrado su extra\u00f1eza por la destituci\u00f3n de Ramis porque \u00abes un entrenador preparado, pero a lo mejor el presidente y el director deportivo consideraban que deber\u00eda llevar diez puntos m\u00e1s, algo muy complicado en esta categor\u00eda. Estad\u00edsticamente, tan cerca del ascenso directo, la verdad es que me ha extra\u00f1ado esa decisi\u00f3n\u00bb. Sin embargo, la novedad en el banquillo con Manolo Gonz\u00e1lez \u00abnos nos afectar\u00e1 a nuestro trabajo\u00bb, ha explicado V\u00edctor\u00bb en referencia a un encuentro en el que le gustar\u00eda que La Romareda estuviera con los suyos de principio a fin y no precisamente por su reestreno. \u00abSiempre es mejor que 30.000 te apoyen que est\u00e9n con el runr\u00fan. La gente va animar seguro, pero no por m\u00ed, sino por el Real Zaragoza\u00bb.<\/p>\n<p>En el aspecto individual se ha refer\u00a1do, cuestionado por la prensa, a Adri\u00e1n Liso, Marc Aguado y Sinan Bakis. \u00abDe Liso he recibido unos magn\u00edficos informes y luego le he visto entrenar conmigo. Me he dicho, vaya con el chaval. Tiene lo que no tenemos, nos aporta mucho, y por eso va a estar en la convocatoria. No me llevo a nadie m\u00e1s del filial porque no quiero que hagan turismo. Si no van a jugar, prefiero que se queden con el filial\u00bb. El entrenador aragon\u00e9s reconoce que ha hablado con Aguado, sobre su bajo rendimiento. \u00abEs un futbolista muy inteligente. Le hice debutar hace a\u00f1os en Copa, pero, como al resto, le he dicho que quedan 12 partidos y que ya es el momento de hacerse\u00a0 notar, de que est\u00e9 m\u00e1s presente en la circulaci\u00f3n del bal\u00f3n, algo que me ha reconocido\u00bb. Sobre Bakis, de vuelta de su lesi\u00f3n, ha sido rotundo: \u00abSi estar para ir est\u00e1 para jugar de principio. No quiere decir que lo vaya a hacer, pero no soy de los que piensa en proteger a un jugador porque luego puede lesionarse igual si lo reservas para el final y te quedas con uno menos\u00bb.<\/p>\n<p>Sobre su debut ha reconocido estar cansado por todo el proceso de \u00abreuniones y las circunstancias que lo han rodeado\u00bb, pero \u00abcon mucho m\u00e1s ox\u00edgeno, m\u00e1s sereno y feliz seg\u00fan ha avanzado la semana. Ahora estoy disfrutando much\u00edsimo de lo que estoy haciendo. Y he visto a un equipo muy receptivo, con cierta excitaci\u00f3n para agradarme desde el primer momento. Les voy a dar un espacio de tranquilidad y no bloquearles con soluciones sencillas y muy concretas\u00bb.\u00a0 Adem\u00e1s ha remarcado que se siente muy arropado por su cuerpo t\u00e9cnico, \u00abmuy zaragocista y preparado\u00bb.<\/p>\n","protected":false},"excerpt":{"rendered":"<p>V\u00edctor Fern\u00e1ndez pide valent\u00eda y atrevimiento a un equipo que como espectador le hab\u00eda dejado \u00abvac\u00edo\u00bb y al que le piensa dar naturalidad posicional \u00abpara que no haya excusas\u00bb El Real Zaragoza ya tiene unos cuantos deberes para enfrentarse al Espanyol. V\u00edctor Fern\u00e1ndez se los ha puesto sin exigir m\u00e1s <a class=\"read-more\" href=\"https:\/\/principesdeparis.es\/principes\/a-apretar-el-culo\/\">Sigue leyendo<\/a><\/p>\n","protected":false},"author":2,"featured_media":14573,"comment_status":"open","ping_status":"open","sticky":false,"template":"","format":"standard","meta":{"footnotes":""},"categories":[13,1],"tags":[],"class_list":["post-14571","post","type-post","status-publish","format-standard","has-post-thumbnail","hentry","category-publicidad","category-real-zaragoza"],"_links":{"self":[{"href":"https:\/\/principesdeparis.es\/principes\/wp-json\/wp\/v2\/posts\/14571","targetHints":{"allow":["GET"]}}],"collection":[{"href":"https:\/\/principesdeparis.es\/principes\/wp-json\/wp\/v2\/posts"}],"about":[{"href":"https:\/\/principesdeparis.es\/principes\/wp-json\/wp\/v2\/types\/post"}],"author":[{"embeddable":true,"href":"https:\/\/principesdeparis.es\/principes\/wp-json\/wp\/v2\/users\/2"}],"replies":[{"embeddable":true,"href":"https:\/\/principesdeparis.es\/principes\/wp-json\/wp\/v2\/comments?post=14571"}],"version-history":[{"count":3,"href":"https:\/\/principesdeparis.es\/principes\/wp-json\/wp\/v2\/posts\/14571\/revisions"}],"predecessor-version":[{"id":14575,"href":"https:\/\/principesdeparis.es\/principes\/wp-json\/wp\/v2\/posts\/14571\/revisions\/14575"}],"wp:featuredmedia":[{"embeddable":true,"href":"https:\/\/principesdeparis.es\/principes\/wp-json\/wp\/v2\/media\/14573"}],"wp:attachment":[{"href":"https:\/\/principesdeparis.es\/principes\/wp-json\/wp\/v2\/media?parent=14571"}],"wp:term":[{"taxonomy":"category","embeddable":true,"href":"https:\/\/principesdeparis.es\/principes\/wp-json\/wp\/v2\/categories?post=14571"},{"taxonomy":"post_tag","embeddable":true,"href":"https:\/\/principesdeparis.es\/principes\/wp-json\/wp\/v2\/tags?post=14571"}],"curies":[{"name":"wp","href":"https:\/\/api.w.org\/{rel}","templated":true}]}}