{"id":14576,"date":"2024-03-16T13:55:26","date_gmt":"2024-03-16T13:55:26","guid":{"rendered":"https:\/\/principesdeparis.es\/principes\/?p=14576"},"modified":"2024-03-17T15:38:03","modified_gmt":"2024-03-17T15:38:03","slug":"victor-busca-su-victoria","status":"publish","type":"post","link":"https:\/\/principesdeparis.es\/principes\/victor-busca-su-victoria\/","title":{"rendered":"V\u00edctor busca su victoria"},"content":{"rendered":"<p style=\"text-align: center;\"><em><strong>El Real Zaragoza conf\u00eda en que el reestreno del t\u00e9cnico tenga un influjo cat\u00e1rtico a todos los niveles para superar al Espanyol en el domingo m\u00e1s festivo del calendario<\/strong><\/em><\/p>\n<p>Con el equipo pendiente de certificar la permanencia, el Real Zaragoza recibe al Espanyol este domingo (18.30) enfundado en una euforia inapropiada por la situaci\u00f3n deportiva. La causa no es otra que la presencia en el banquillo de La Romareda de V\u00edctor Fern\u00e1ndez, un icono de la entidad que ha acudido con la doble misi\u00f3n de rescatar al conjunto aragon\u00e9s de todo peligro y preparar la pr\u00f3xima temporada con el ascenso como objetivo ineludible seg\u00fan la versi\u00f3n oficial. Sanlleh\u00ed y Cordero han hallado un paraguas a sus pobres gestiones y el t\u00e9cnico ha aprovechado la ocasi\u00f3n que antes le negaron ambos para culminar su extensa carrera con un \u00faltimo servicio al club donde vivi\u00f3 sus mejores d\u00edas en la d\u00e9cada de los noventa. Es un matrimonio bastante forzado pero recibido con un monumental regocijo por gran parte de la afici\u00f3n, que considera que el liderato de V\u00edctor Fern\u00e1ndez apunta a la tierra prometida tras doce cursos en Segunda con el que viene. Ya lo intent\u00f3 con la Fundaci\u00f3n en su anterior etapa y no pudo ser. Sin embargo, esta vez la fe en su figura mesi\u00e1nica lo desborda todo en una atm\u00f3sfera sobredimensionada a estas alturas de la pel\u00edcula, donde se comprimen un par de finales felices cuando todav\u00eda el p\u00fablico no se ha sentado en su localidad.<\/p>\n<p>Habr\u00e1 homenajes a los campeones de la Copa de Montju\u00efc coincidiendo con el 20 aniversario de aquella gesta, el 17 de marzo de 2024, y de la Supercopa, dos trofeos, lo \u00faltimos en entrar en las vitrinas, que se conquistaron con V\u00edctor Mu\u00f1oz al frente. Un n\u00famero importante de hinchas no tendr\u00e1n un s\u00f3lo recuerdo de ese maravilloso a\u00f1o; otros, alguna pincelada, y los m\u00e1s veteranos asistir\u00e1n a este episodio rememorativo con nostalgia y la sensaci\u00f3n de que el Real Zaragoza le fue arrebatado despu\u00e9s. V\u00edctor Fern\u00e1ndez es tambi\u00e9n historia y la propiedad, reacia en principio a recurrir a ella como parte de la lanzadera de su proyecto, ahora la ha abrazado con un profesional que estaba alejado del f\u00fatbol desde hace casi cuatro a\u00f1os y que no ten\u00eda previsto reengancharse, pero le ha podido el gusanillo de la notoriedad, algo que en ciertos foros se ha calificado de responsabilidad, compromiso y amor. Su cualificaci\u00f3n pasada est\u00e1 documentada, pero la presente tendr\u00e1 que actualizarla con un obligado examen nada sencillo. En principio con una primera prueba en este ejercicio, y m\u00e1s adelante en la construcci\u00f3n de una plantilla capacitada desde el primer minuto para subir, un trabajo para el que necesitar\u00e1 el apoyo incondicional de un fondo de inversi\u00f3n muy mirado con el gasto deportivo.<\/p>\n<p>El primer escal\u00f3n, el de la salvaci\u00f3n, hay que comenzar subirlo con la visita del Espanyol, un rival complejo, claro aspirante al ascenso pese a las tormentas internas que lo est\u00e1n agitando. V\u00edctor ha recurrido a su cuidada oratoria para, despu\u00e9s de una presentaci\u00f3n de conmovedoras interrupciones, seducir con un discurso sencillo y directo, nada que ver con los circunloquios proactivos de Julio Vel\u00e1zquez. El mensaje es que el que se quer\u00eda o\u00edr, por eso ha causado impacto y furor. Va ordenar el desorden, incitar\u00e1 a que los futbolistas sean protagonistas con el bal\u00f3n y no admitir\u00e1 ni el m\u00e1s m\u00ednimo gesto de pereza. Valent\u00eda, descaro, atrevimiento&#8230; Si ese c\u00f3ctel se activa desde el mismo d\u00eda de su debut, habr\u00e1 que sospechar que m\u00e1s de alg\u00fan jugador se ha reservado o que el entrenador, efectivamente, dispone de una varita m\u00e1gica motivacional como ning\u00fan otro. Lo l\u00f3gico es que el encuentro mezcle problemas enquistados en el vestuario con el deseo colectivo de agradar al entrenador. El Real Zaragoza saldr\u00e1 muy enchufado, pero habr\u00e1 que comprobar hasta d\u00f3nde llega la influencia de un entrenador para cambiar de cuajo su tendencia perdedora de las \u00faltimas jornadas.<\/p>\n<p>Todo puede ocurrir. V\u00edctor Fern\u00e1ndez es muy persuasivo y sus palabras y actitud tendr\u00e1n un peso importante en la gestaci\u00f3n del mejor clima posible tanto en el coraz\u00f3n del vestuario como en la grada. La Romareda ser\u00e1 un escenario espectacular, pero el Espanyol tambi\u00e9n tiene cosas que decir ante un Real Zaragoza a\u00fan sin Cristian, Nieto, Borge y Guti, pero muy bien armado para la ocasi\u00f3n con las recuperaciones de Bakis y Francho. La alineaci\u00f3n es una inc\u00f3gnita, aunque queda descartado el dibujo de los tres centrales y es muy probable que no haya grandes variaciones. Quiz\u00e1s una disposici\u00f3n m\u00e1s ofensiva, con cada uno en su sitio y la expectaci\u00f3n por observar a Adri\u00e1n Liso, un juvenil que ha entrado en la citaci\u00f3n y apunta a contar con minutos. En definitiva, V\u00edctor busca su victoria, que ser\u00e1 la de un Real Zaragoza que para desligarse de la derrota necesita en primer lugar el talento, mucho o poco, que puedan aportar sus jugadores a un partido de pasiones anticipadas.<\/p>\n<p><img loading=\"lazy\" decoding=\"async\" class=\"size-medium wp-image-14581 aligncenter\" src=\"https:\/\/principesdeparis.es\/principes\/wp-content\/uploads\/2024\/03\/20240317_130829-240x300.jpg\" alt=\"\" width=\"240\" height=\"300\" srcset=\"https:\/\/principesdeparis.es\/principes\/wp-content\/uploads\/2024\/03\/20240317_130829-240x300.jpg 240w, https:\/\/principesdeparis.es\/principes\/wp-content\/uploads\/2024\/03\/20240317_130829-819x1024.jpg 819w, https:\/\/principesdeparis.es\/principes\/wp-content\/uploads\/2024\/03\/20240317_130829-768x960.jpg 768w, https:\/\/principesdeparis.es\/principes\/wp-content\/uploads\/2024\/03\/20240317_130829-610x763.jpg 610w, https:\/\/principesdeparis.es\/principes\/wp-content\/uploads\/2024\/03\/20240317_130829-400x500.jpg 400w, https:\/\/principesdeparis.es\/principes\/wp-content\/uploads\/2024\/03\/20240317_130829.jpg 1080w\" sizes=\"auto, (max-width: 240px) 100vw, 240px\" \/>l<\/p>\n<p><em>Foto Real Zaragoza<\/em><\/p>\n","protected":false},"excerpt":{"rendered":"<p>El Real Zaragoza conf\u00eda en que el reestreno del t\u00e9cnico tenga un influjo cat\u00e1rtico a todos los niveles para superar al Espanyol en el domingo m\u00e1s festivo del calendario Con el equipo pendiente de certificar la permanencia, el Real Zaragoza recibe al Espanyol este domingo (18.30) enfundado en una euforia <a class=\"read-more\" href=\"https:\/\/principesdeparis.es\/principes\/victor-busca-su-victoria\/\">Sigue leyendo<\/a><\/p>\n","protected":false},"author":2,"featured_media":14577,"comment_status":"open","ping_status":"open","sticky":false,"template":"","format":"standard","meta":{"footnotes":""},"categories":[13,1],"tags":[],"class_list":["post-14576","post","type-post","status-publish","format-standard","has-post-thumbnail","hentry","category-publicidad","category-real-zaragoza"],"_links":{"self":[{"href":"https:\/\/principesdeparis.es\/principes\/wp-json\/wp\/v2\/posts\/14576","targetHints":{"allow":["GET"]}}],"collection":[{"href":"https:\/\/principesdeparis.es\/principes\/wp-json\/wp\/v2\/posts"}],"about":[{"href":"https:\/\/principesdeparis.es\/principes\/wp-json\/wp\/v2\/types\/post"}],"author":[{"embeddable":true,"href":"https:\/\/principesdeparis.es\/principes\/wp-json\/wp\/v2\/users\/2"}],"replies":[{"embeddable":true,"href":"https:\/\/principesdeparis.es\/principes\/wp-json\/wp\/v2\/comments?post=14576"}],"version-history":[{"count":4,"href":"https:\/\/principesdeparis.es\/principes\/wp-json\/wp\/v2\/posts\/14576\/revisions"}],"predecessor-version":[{"id":14584,"href":"https:\/\/principesdeparis.es\/principes\/wp-json\/wp\/v2\/posts\/14576\/revisions\/14584"}],"wp:featuredmedia":[{"embeddable":true,"href":"https:\/\/principesdeparis.es\/principes\/wp-json\/wp\/v2\/media\/14577"}],"wp:attachment":[{"href":"https:\/\/principesdeparis.es\/principes\/wp-json\/wp\/v2\/media?parent=14576"}],"wp:term":[{"taxonomy":"category","embeddable":true,"href":"https:\/\/principesdeparis.es\/principes\/wp-json\/wp\/v2\/categories?post=14576"},{"taxonomy":"post_tag","embeddable":true,"href":"https:\/\/principesdeparis.es\/principes\/wp-json\/wp\/v2\/tags?post=14576"}],"curies":[{"name":"wp","href":"https:\/\/api.w.org\/{rel}","templated":true}]}}