{"id":14585,"date":"2024-03-17T16:16:18","date_gmt":"2024-03-17T16:16:18","guid":{"rendered":"https:\/\/principesdeparis.es\/principes\/?p=14585"},"modified":"2024-03-17T16:47:33","modified_gmt":"2024-03-17T16:47:33","slug":"bakis-encabeza-la-lista-de-cinco-cambios-en-el-primer-once-de-victor","status":"publish","type":"post","link":"https:\/\/principesdeparis.es\/principes\/bakis-encabeza-la-lista-de-cinco-cambios-en-el-primer-once-de-victor\/","title":{"rendered":"Bakis encabeza la lista de cinco cambios en el primer once de V\u00edctor"},"content":{"rendered":"<p>V\u00edctor Fern\u00e1ndez no se quiere guardar m\u00e1s tiempo la baza de Sinan Bakis, quien despu\u00e9s de perderse tres meses por una meniscopat\u00eda, disputar 15 minutos ante el Eibar y 45 contra el Cartagena, sufri\u00f3 rotura fibrilar que le oblig\u00f3 a entrar de nuevo en la enfermer\u00eda. Seg\u00fan el entrenador, tras quedarse fuera en las tres \u00faltimas jornadas,\u00a0 ya est\u00e1 para jugar y lo har\u00e1 desde el principio frente al Espanyol, algo que no ocurr\u00eda desde que el conjunto aragon\u00e9s visit\u00f3 El Plant\u00edo el 30 de octubre del a\u00f1os pasado. Vino para ocuparse del gol aunque nunca haya sido un matador y, sin embargo, todav\u00eda no ha visto puerta, algo que el t\u00e9cnico no estima determinante, sobre todo teniendo en cuenta que sus relevos naturales, Az\u00f3n como titular y Enrich como alternativa, tampoco ha respondido a las expectativas desde la baja del turco.\u00a0 El canterano, que se queda fuera esta vez, y el punta balear, fijo en el banquillo, tampoco han logrado tanto alguno durante el par de ausencias de su compa\u00f1ero de ataque.<\/p>\n<p>El entrenador introduce cinco cambios en la alineaci\u00f3n en el estreno de su cuarta etapa al frente del Real Zaragoza y desarma la l\u00ednea de tres centrales de Julio Vel\u00e1zquez. Adem\u00e1s de la novedad de Bakis, destaca la de Mouri\u00f1o no tanto porque figure en el once como por la oposici\u00f3n que ocupar\u00e1, la de un lateral derecho donde G\u00e1mez y Zedadka no han terminado de dar la talla por diferentes circunstancias. Aqu\u00ed V\u00edctor no cumple al cien por cien con su mensaje de que buscar\u00eda que los jugadores ocuparan su posici\u00f3n natural. El eterno problema del lateral izquierdo lo soluciona con otro regreso, el de Lecoeuche, este de acorde a las cualidades originales del franc\u00e9s. Al centro del campo vuelven Francho, que acompa\u00f1ar\u00e1 a Toni Moya en el doble pivote, y Mollejo, quien tras cumplir su sanci\u00f3n se situar\u00e1 en la orilla izquierda con Valera en la derecha. Arriba se mantiene en libertad a Mesa como segundo atacante y pareja de un Sinan Bakis del que se espera que despierte por fin de su letargo realizador.<\/p>\n<p>El encuentro se encuadra en las citas de m\u00e1xima dificultad, a la espera de que la llegada de V\u00edctor Fern\u00e1ndez impulse al equipo hacia una victoria que despeje los fantasmas de la zona baja, una misi\u00f3n no excesivamente complicada frente a la pobre respuesta de los cuatro \u00faltimos clasificados pero que no conviene retrasar. La teor\u00eda, expuesta por el propio t\u00e9cnico aragon\u00e9s,\u00a0 dice que se ver\u00e1 un Real Zaragoza liberado de ataduras t\u00e1cticas, m\u00e1s valiente y con los futbolistas enchufados al m\u00e1ximo, un equipo que se hallar\u00e1 con una Romareda volcada por completo pese a la situaci\u00f3n deportiva, fen\u00f3meno generado por la enorme expectaci\u00f3n desatada tras la contrataci\u00f3n por temporada y media de V\u00edctor, una leyenda del club a quien han acudido Sanlleh\u00ed y Cordero para maquillar en lo posible sus errores de gesti\u00f3n.<\/p>\n<p>Con una Romareda hasta la bandera, en los proleg\u00f3menos del partido se proceder\u00e1 al homenaje a los campeones de la Copa del Rey del 2004 frente al Real Madrid, que se produjo tal d\u00eda como hoy hace 20 a\u00f1os, y los de la Supercopa, \u00faltimo t\u00edtulo que ha entrado en las vitrinas zaragocistas y que se logr\u00f3 frente al Valencia. Los festejos y la desbordante ilusi\u00f3n relacionada con un personaje hist\u00f3rico necesitan de algo m\u00e1s prosaico al final de la tarde, tres puntos que el Real Zaragoza busca para romper con su racha perdedora y para evitar una pr\u00f3xima visita a Anduva que se vivir\u00eda con inquietud en caso de no superar a los pericos, que tambi\u00e9n estrenan t\u00e9cnico en la figura de Manolo Gonz\u00e1lez.<\/p>\n<p>La alineaci\u00f3n del Espanyol<\/p>\n<blockquote class=\"twitter-tweet\">\n<p dir=\"ltr\" lang=\"ca\">\u0301!<br \/>\n&#x25b6;&#xfe0f; Aquest \u00e9s l\u201911 de Manolo Gonz\u00e1lez!<a href=\"https:\/\/twitter.com\/hashtag\/RCDE?src=hash&amp;ref_src=twsrc%5Etfw\">#RCDE<\/a> <a href=\"https:\/\/twitter.com\/hashtag\/RealZaragozaEspanyol?src=hash&amp;ref_src=twsrc%5Etfw\">#RealZaragozaEspanyol<\/a> <a href=\"https:\/\/t.co\/XrlSUH16RQ\">pic.twitter.com\/XrlSUH16RQ<\/a><\/p>\n<p>\u2014 RCD Espanyol de Barcelona (@RCDEspanyol) <a href=\"https:\/\/twitter.com\/RCDEspanyol\/status\/1769398245439000617?ref_src=twsrc%5Etfw\">March 17, 2024<\/a><\/p><\/blockquote>\n<p><script async src=\"https:\/\/platform.twitter.com\/widgets.js\" charset=\"utf-8\"><\/script><\/p>\n","protected":false},"excerpt":{"rendered":"<p>V\u00edctor Fern\u00e1ndez no se quiere guardar m\u00e1s tiempo la baza de Sinan Bakis, quien despu\u00e9s de perderse tres meses por una meniscopat\u00eda, disputar 15 minutos ante el Eibar y 45 contra el Cartagena, sufri\u00f3 rotura fibrilar que le oblig\u00f3 a entrar de nuevo en la enfermer\u00eda. Seg\u00fan el entrenador, tras <a class=\"read-more\" href=\"https:\/\/principesdeparis.es\/principes\/bakis-encabeza-la-lista-de-cinco-cambios-en-el-primer-once-de-victor\/\">Sigue leyendo<\/a><\/p>\n","protected":false},"author":2,"featured_media":14590,"comment_status":"open","ping_status":"open","sticky":false,"template":"","format":"standard","meta":{"footnotes":""},"categories":[13,1],"tags":[],"class_list":["post-14585","post","type-post","status-publish","format-standard","has-post-thumbnail","hentry","category-publicidad","category-real-zaragoza"],"_links":{"self":[{"href":"https:\/\/principesdeparis.es\/principes\/wp-json\/wp\/v2\/posts\/14585","targetHints":{"allow":["GET"]}}],"collection":[{"href":"https:\/\/principesdeparis.es\/principes\/wp-json\/wp\/v2\/posts"}],"about":[{"href":"https:\/\/principesdeparis.es\/principes\/wp-json\/wp\/v2\/types\/post"}],"author":[{"embeddable":true,"href":"https:\/\/principesdeparis.es\/principes\/wp-json\/wp\/v2\/users\/2"}],"replies":[{"embeddable":true,"href":"https:\/\/principesdeparis.es\/principes\/wp-json\/wp\/v2\/comments?post=14585"}],"version-history":[{"count":10,"href":"https:\/\/principesdeparis.es\/principes\/wp-json\/wp\/v2\/posts\/14585\/revisions"}],"predecessor-version":[{"id":14603,"href":"https:\/\/principesdeparis.es\/principes\/wp-json\/wp\/v2\/posts\/14585\/revisions\/14603"}],"wp:featuredmedia":[{"embeddable":true,"href":"https:\/\/principesdeparis.es\/principes\/wp-json\/wp\/v2\/media\/14590"}],"wp:attachment":[{"href":"https:\/\/principesdeparis.es\/principes\/wp-json\/wp\/v2\/media?parent=14585"}],"wp:term":[{"taxonomy":"category","embeddable":true,"href":"https:\/\/principesdeparis.es\/principes\/wp-json\/wp\/v2\/categories?post=14585"},{"taxonomy":"post_tag","embeddable":true,"href":"https:\/\/principesdeparis.es\/principes\/wp-json\/wp\/v2\/tags?post=14585"}],"curies":[{"name":"wp","href":"https:\/\/api.w.org\/{rel}","templated":true}]}}