{"id":14595,"date":"2024-03-17T16:34:41","date_gmt":"2024-03-17T16:34:41","guid":{"rendered":"https:\/\/principesdeparis.es\/principes\/?p=14595"},"modified":"2024-03-17T16:39:39","modified_gmt":"2024-03-17T16:39:39","slug":"la-romareda-apunta-al-lleno-con-las-entradas-agotadas","status":"publish","type":"post","link":"https:\/\/principesdeparis.es\/principes\/la-romareda-apunta-al-lleno-con-las-entradas-agotadas\/","title":{"rendered":"La Romareda apunta al lleno con las entradas agotadas"},"content":{"rendered":"<p>La expectaci\u00f3n por ver de nuevo a V\u00edctor Fern\u00e1ndez, por cuarta vez en su carrera, dirigiendo al Real Zaragoza, ha desbordado todas las previsiones, ya de por s\u00ed muy optimistas, en lo referente a la afluencia del p\u00fablico al estadio esta tarde frente al Espanyol. El club ha anunciado que se han agotado las entradas y es posible que el estadio complete su aforo o est\u00e9 muy cerca de hacerlo en funci\u00f3n de las respuesta final de os socios, algo que refrenda la ilusi\u00f3n que ha desatado el fichaje del t\u00e9cnico aragon\u00e9s, a quien se observa no s\u00f3lo como la figura m\u00e1s adecuada para evitar problemas esta temporada en la clasificaci\u00f3n, sino como arquitecto de un futuro de ascenso en su segundo a\u00f1o de contrato.<\/p>\n<p><em>Foto Real Zaragoza<\/em><\/p>\n<blockquote class=\"twitter-tweet\">\n<p dir=\"ltr\" lang=\"es\">Ya no quedan entradas<\/p>\n<p>Se viene un ambiente &#x2764;&#xfe0f;&#x200d; <a href=\"https:\/\/t.co\/ireUBWzd9R\">pic.twitter.com\/ireUBWzd9R<\/a><\/p>\n<p>\u2014 Real Zaragoza (@RealZaragoza) <a href=\"https:\/\/twitter.com\/RealZaragoza\/status\/1769389013301903770?ref_src=twsrc%5Etfw\">March 17, 2024<\/a><\/p><\/blockquote>\n<p><script async src=\"https:\/\/platform.twitter.com\/widgets.js\" charset=\"utf-8\"><\/script><\/p>\n<blockquote class=\"twitter-tweet\">\n<p dir=\"ltr\" lang=\"es\">Qu\u00e9 pasada de afici\u00f3n<\/p>\n<p><a href=\"https:\/\/t.co\/JCKbtUaOTZ\">pic.twitter.com\/JCKbtUaOTZ<\/a><\/p>\n<p>\u2014 Real Zaragoza (@RealZaragoza) <a href=\"https:\/\/twitter.com\/RealZaragoza\/status\/1769398897049268658?ref_src=twsrc%5Etfw\">March 17, 2024<\/a><\/p><\/blockquote>\n<p><script async src=\"https:\/\/platform.twitter.com\/widgets.js\" charset=\"utf-8\"><\/script><\/p>\n","protected":false},"excerpt":{"rendered":"<p>La expectaci\u00f3n por ver de nuevo a V\u00edctor Fern\u00e1ndez, por cuarta vez en su carrera, dirigiendo al Real Zaragoza, ha desbordado todas las previsiones, ya de por s\u00ed muy optimistas, en lo referente a la afluencia del p\u00fablico al estadio esta tarde frente al Espanyol. El club ha anunciado que <a class=\"read-more\" href=\"https:\/\/principesdeparis.es\/principes\/la-romareda-apunta-al-lleno-con-las-entradas-agotadas\/\">Sigue leyendo<\/a><\/p>\n","protected":false},"author":2,"featured_media":14597,"comment_status":"open","ping_status":"open","sticky":false,"template":"","format":"standard","meta":{"footnotes":""},"categories":[13,1],"tags":[],"class_list":["post-14595","post","type-post","status-publish","format-standard","has-post-thumbnail","hentry","category-publicidad","category-real-zaragoza"],"_links":{"self":[{"href":"https:\/\/principesdeparis.es\/principes\/wp-json\/wp\/v2\/posts\/14595","targetHints":{"allow":["GET"]}}],"collection":[{"href":"https:\/\/principesdeparis.es\/principes\/wp-json\/wp\/v2\/posts"}],"about":[{"href":"https:\/\/principesdeparis.es\/principes\/wp-json\/wp\/v2\/types\/post"}],"author":[{"embeddable":true,"href":"https:\/\/principesdeparis.es\/principes\/wp-json\/wp\/v2\/users\/2"}],"replies":[{"embeddable":true,"href":"https:\/\/principesdeparis.es\/principes\/wp-json\/wp\/v2\/comments?post=14595"}],"version-history":[{"count":5,"href":"https:\/\/principesdeparis.es\/principes\/wp-json\/wp\/v2\/posts\/14595\/revisions"}],"predecessor-version":[{"id":14601,"href":"https:\/\/principesdeparis.es\/principes\/wp-json\/wp\/v2\/posts\/14595\/revisions\/14601"}],"wp:featuredmedia":[{"embeddable":true,"href":"https:\/\/principesdeparis.es\/principes\/wp-json\/wp\/v2\/media\/14597"}],"wp:attachment":[{"href":"https:\/\/principesdeparis.es\/principes\/wp-json\/wp\/v2\/media?parent=14595"}],"wp:term":[{"taxonomy":"category","embeddable":true,"href":"https:\/\/principesdeparis.es\/principes\/wp-json\/wp\/v2\/categories?post=14595"},{"taxonomy":"post_tag","embeddable":true,"href":"https:\/\/principesdeparis.es\/principes\/wp-json\/wp\/v2\/tags?post=14595"}],"curies":[{"name":"wp","href":"https:\/\/api.w.org\/{rel}","templated":true}]}}