{"id":14640,"date":"2024-03-21T09:38:09","date_gmt":"2024-03-21T09:38:09","guid":{"rendered":"https:\/\/principesdeparis.es\/principes\/?p=14640"},"modified":"2024-03-21T14:29:36","modified_gmt":"2024-03-21T14:29:36","slug":"francho-se-pierde-el-partido-de-anduva","status":"publish","type":"post","link":"https:\/\/principesdeparis.es\/principes\/francho-se-pierde-el-partido-de-anduva\/","title":{"rendered":"Francho se pierde el partido de Anduva"},"content":{"rendered":"<p>Francho Serrano, que no se entren\u00f3 el mi\u00e9rcoles con el grupo, se perder\u00e1 como m\u00ednimo el encuentro de este domingo contra el Mirand\u00e9s como consecuencia de una lesi\u00f3n a nivel de la inserci\u00f3n proximal de la fascia plantar, dolencia diagnosticada tras las pruebas a las que ha sido sometido.\u00a0 El centrocampista fue relevado por Marc Aguado en la recta final del encuentro frente al Espanyol al sufrir un fuerte dolor en la planta del pie izquierdo que ya se hab\u00eda manifestado con anterioridad y que el futbolista sobrellevaba haciendo un sobresfuerzo para estar disponible.\u00a0 El canterano est\u00e1 siendo sometido a un tratamiento ortop\u00e9dico, fisioter\u00e1pico y biologico-regenerativo para intentar una pronta recuperaci\u00f3n, informa la web del club. V\u00edctor Fern\u00e1ndez no podr\u00e1 contra con una de las piezas m\u00e1s importantes del equipo y de la medular zaragocista, una ausencia que seguramente se prolongar\u00e1 durante m\u00e1s semanas dadas las caracter\u00edsticas de la lesi\u00f3n. La baja de Francho para Anduva se une a la de Franc\u00e9s, quien se encuentra con la sub 21 y adem\u00e1s cumple un ciclo de sanci\u00f3n para esta cita.<\/p>\n<p>El jugador ya se hab\u00eda pedido ocho partidos despu\u00e9s de sufrir en Cartagena, donde tambi\u00e9n se lesion\u00f3 de gravedad Carlos Nieto, un pinchazo en el isquio que deriv\u00f3 en una rotura. Su primera visita a la enfermer\u00eda, donde a\u00fan permanecen Nieto, Cristian, Guti y Borge, coincidi\u00f3 con la \u00faltima de las primeras cinco victorias consecutivas del Real Zaragoza\u00a0 y el primer gran bache de resultados de la temporada. Una contusi\u00f3n a nivel de la cresta iliaca de su cadera izquierda despu\u00e9s de recibir un golpe en el partido frente al Amorebieta en La Romareda que le impidi\u00f3 participar en la segunda parte, le dej\u00f3 fuera del encuentro ante el Valladolid. La fascitis plantar que ya arrastraba y que ha sido detectada en esta ocasi\u00f3n supone la tercera lesi\u00f3n de Francho en una temporada en la que ha disputado 22 jornadas, 20 de ellas de titular con tres goles en su bagaje, y que podr\u00eda convertirse, seg\u00fan la evoluci\u00f3n de una dolencia m\u00e1s latosa que grave, en el curso con menos participaci\u00f3n de los cuatro que lleva en la primera plantilla.<\/p>\n","protected":false},"excerpt":{"rendered":"<p>Francho Serrano, que no se entren\u00f3 el mi\u00e9rcoles con el grupo, se perder\u00e1 como m\u00ednimo el encuentro de este domingo contra el Mirand\u00e9s como consecuencia de una lesi\u00f3n a nivel de la inserci\u00f3n proximal de la fascia plantar, dolencia diagnosticada tras las pruebas a las que ha sido sometido.\u00a0 El <a class=\"read-more\" href=\"https:\/\/principesdeparis.es\/principes\/francho-se-pierde-el-partido-de-anduva\/\">Sigue leyendo<\/a><\/p>\n","protected":false},"author":2,"featured_media":14641,"comment_status":"open","ping_status":"open","sticky":false,"template":"","format":"standard","meta":{"footnotes":""},"categories":[13,1],"tags":[],"class_list":["post-14640","post","type-post","status-publish","format-standard","has-post-thumbnail","hentry","category-publicidad","category-real-zaragoza"],"_links":{"self":[{"href":"https:\/\/principesdeparis.es\/principes\/wp-json\/wp\/v2\/posts\/14640","targetHints":{"allow":["GET"]}}],"collection":[{"href":"https:\/\/principesdeparis.es\/principes\/wp-json\/wp\/v2\/posts"}],"about":[{"href":"https:\/\/principesdeparis.es\/principes\/wp-json\/wp\/v2\/types\/post"}],"author":[{"embeddable":true,"href":"https:\/\/principesdeparis.es\/principes\/wp-json\/wp\/v2\/users\/2"}],"replies":[{"embeddable":true,"href":"https:\/\/principesdeparis.es\/principes\/wp-json\/wp\/v2\/comments?post=14640"}],"version-history":[{"count":8,"href":"https:\/\/principesdeparis.es\/principes\/wp-json\/wp\/v2\/posts\/14640\/revisions"}],"predecessor-version":[{"id":14649,"href":"https:\/\/principesdeparis.es\/principes\/wp-json\/wp\/v2\/posts\/14640\/revisions\/14649"}],"wp:featuredmedia":[{"embeddable":true,"href":"https:\/\/principesdeparis.es\/principes\/wp-json\/wp\/v2\/media\/14641"}],"wp:attachment":[{"href":"https:\/\/principesdeparis.es\/principes\/wp-json\/wp\/v2\/media?parent=14640"}],"wp:term":[{"taxonomy":"category","embeddable":true,"href":"https:\/\/principesdeparis.es\/principes\/wp-json\/wp\/v2\/categories?post=14640"},{"taxonomy":"post_tag","embeddable":true,"href":"https:\/\/principesdeparis.es\/principes\/wp-json\/wp\/v2\/tags?post=14640"}],"curies":[{"name":"wp","href":"https:\/\/api.w.org\/{rel}","templated":true}]}}