{"id":14653,"date":"2024-03-22T16:28:14","date_gmt":"2024-03-22T16:28:14","guid":{"rendered":"https:\/\/principesdeparis.es\/principes\/?p=14653"},"modified":"2024-03-22T16:28:14","modified_gmt":"2024-03-22T16:28:14","slug":"la-lesion-de-mollejo-da-paso-a-liso-en-el-once-de-un-real-zaragoza-tocado","status":"publish","type":"post","link":"https:\/\/principesdeparis.es\/principes\/la-lesion-de-mollejo-da-paso-a-liso-en-el-once-de-un-real-zaragoza-tocado\/","title":{"rendered":"La lesi\u00f3n de Mollejo da paso a Liso en el once de un Real Zaragoza tocado"},"content":{"rendered":"<p>V\u00edctor Fern\u00e1ndez ha heredado la maldici\u00f3n que ya sufrieron Fran Escrib\u00e1 y Julio Vel\u00e1zquez. Al par\u00f3n obligado e indefinido de Francho Serrano por una fascitis plantar que ven\u00eda d\u00e1ndole guerra desde hace tiempo, noticia que se confirm\u00f3 ayer con la intenci\u00f3n de que la dolencia del centrocampista no se agrave a\u00fan m\u00e1s, se ha unido la baja de Mollejo por una rotura muscular a nivel del recto anterior del cu\u00e1driceps derecho, lesi\u00f3n que sufri\u00f3 al final del ensayo del jueves y que se ha confirmado esta misma ma\u00f1ana. Son ausencias de dos titulares, del \u00abmotor\u00bb del equipo, como lo define el t\u00e9cnico en la rueda de prensa previa al partido de Anduva, y de del atacante cedido por el Atl\u00e9tico, quien es el segundo m\u00e1ximo goleador con cuatro tantos. \u00abComent\u00f3 que fue un pinchazo, algo que no le hab\u00eda ocurrido nunca en su carrera en su etapa formativa ni en la profesional\u00bb, ha desvelado el entrenador, que califica estos acontecimientos imprevistos como \u00abuna putada. Nos desnuda cuando m\u00e1s necesario era que nos abrig\u00e1ramos\u00bb. V\u00edctor, sin embargo, dijo disponer de herramientas como dar la cara frente al Mirand\u00e9s, un partido en el que tampoco podr\u00e1 contar con un Franc\u00e9s que se encuentra concentrado con la selecci\u00f3n sub 21. Esta tesitura obligar\u00e1 a buscar soluciones en cada l\u00ednea de un conjunto tocado que afronta una jornada complicada por su situaci\u00f3n en la tabla, pendiente de confirmar la permanencia aunque el objetivo no parezca complicado en la once encuentros que restan.<\/p>\n<p>Adri\u00e1n Liso, que debut\u00f3 ante el Espanyol, ser\u00e1 el gran beneficiado en una alineaci\u00f3n en la que habr\u00e1 que improvisar en cierta medida. V\u00edctor Fern\u00e1ndez no adelant\u00f3 nada respecto a sus planes, pero de su elogios hacia el punta juvenil y por la zona que hay que cubrir y que hab\u00eda entregado a Mollejo, el extremo apunta a ser fijo en el once. La parte de arriba recibe en la convocatoria a Pau Sans \u00abpara jugar\u00bb, aunque partiendo desde el banquillo. \u00abNunca llevo a un futbolista del filial para completar. Si va es porque est\u00e1 en disposici\u00f3n de participar\u00bb. Otra vez los chicos al rescate, algo que no es nuevo en la historia reciente del Real Zaragoza. \u00abSon gente r\u00e1pida, joven y p\u00edcara\u00bb. M\u00e1s abierta queda la defensa. \u00abSer\u00eda de imb\u00e9ciles no reconocer que no echamos de menos a Franc\u00e9s, que estuvo espectacular el otro d\u00eda en su mejor actuaci\u00f3n de la temporada, pero no me preocupa porque quien ocupe su lugar lo har\u00e1 bien\u00bb, explica el entrenador. Ese puesto puede ser para Llu\u00eds L\u00f3pez, \u00abinteligente y con buena salida de bal\u00f3n\u00bb, o Mouri\u00f1o, a quien V\u00edctor posiblemente mantenga de lateral convencido de que el uruguayo est\u00e1 igual de cualificado para actuar en el eje o en el carril. Al igual que con el grupo, destaca el \u00abnotable rendimiento\u00bb del charr\u00faa frente a los pericos en la segunda parte.<\/p>\n<p>Aguado tiene m\u00e1s posibilidades que Grau para hacerse cargo de una labor para la que estaba predestinado sin que el jugador haya estado a la altura esperada y que V\u00edctor dej\u00f3 en la suplencia en su reestreno. Sin Francho, el Real Zaragoza pierde piernas y dinamismo, y en el cat\u00e1logo de centrocampistas no tiene relevo. Sin cambiar de dibujo, el conjunto aragon\u00e9s se achatar\u00e1 algo para protegerse sin perder la identidad m\u00e1s desenfadada que quiere imbuirle V\u00edctor Fern\u00e1ndez para un partido \u00abque necesitamos sumar y cuanto antes\u00bb. Una de las grandes apuestas del t\u00e9cnico en su puesta de largo en La Romareda fue recuperar a Bakis pese a que el turco est\u00e1 justo hasta para entrar en la lista. La idea es recuperarle en marcha desde el principio de los partidos, por lo que volver\u00e1 a ser la referencia ofensiva. \u00abDebe ser un jugador importante para nosotros y voy a ayudarle a que d\u00e9 ese pasito\u00bb. Del Mirand\u00e9s, V\u00edctor descubre lo sabido. Un equipo fr\u00e1gil atr\u00e1s con mucho gol en casa que le convierte en una amenaza por el descaro de todos sus integrantes en general y de Carlos Mart\u00edn, con 13 goles, en particular. \u00abHay que ganar, y si no se puede, empatar. Tenemos que pasar de la ilusi\u00f3n a los triunfos\u00bb.<\/p>\n","protected":false},"excerpt":{"rendered":"<p>V\u00edctor Fern\u00e1ndez ha heredado la maldici\u00f3n que ya sufrieron Fran Escrib\u00e1 y Julio Vel\u00e1zquez. Al par\u00f3n obligado e indefinido de Francho Serrano por una fascitis plantar que ven\u00eda d\u00e1ndole guerra desde hace tiempo, noticia que se confirm\u00f3 ayer con la intenci\u00f3n de que la dolencia del centrocampista no se agrave <a class=\"read-more\" href=\"https:\/\/principesdeparis.es\/principes\/la-lesion-de-mollejo-da-paso-a-liso-en-el-once-de-un-real-zaragoza-tocado\/\">Sigue leyendo<\/a><\/p>\n","protected":false},"author":2,"featured_media":14654,"comment_status":"open","ping_status":"open","sticky":false,"template":"","format":"standard","meta":{"footnotes":""},"categories":[13,1],"tags":[],"class_list":["post-14653","post","type-post","status-publish","format-standard","has-post-thumbnail","hentry","category-publicidad","category-real-zaragoza"],"_links":{"self":[{"href":"https:\/\/principesdeparis.es\/principes\/wp-json\/wp\/v2\/posts\/14653","targetHints":{"allow":["GET"]}}],"collection":[{"href":"https:\/\/principesdeparis.es\/principes\/wp-json\/wp\/v2\/posts"}],"about":[{"href":"https:\/\/principesdeparis.es\/principes\/wp-json\/wp\/v2\/types\/post"}],"author":[{"embeddable":true,"href":"https:\/\/principesdeparis.es\/principes\/wp-json\/wp\/v2\/users\/2"}],"replies":[{"embeddable":true,"href":"https:\/\/principesdeparis.es\/principes\/wp-json\/wp\/v2\/comments?post=14653"}],"version-history":[{"count":1,"href":"https:\/\/principesdeparis.es\/principes\/wp-json\/wp\/v2\/posts\/14653\/revisions"}],"predecessor-version":[{"id":14655,"href":"https:\/\/principesdeparis.es\/principes\/wp-json\/wp\/v2\/posts\/14653\/revisions\/14655"}],"wp:featuredmedia":[{"embeddable":true,"href":"https:\/\/principesdeparis.es\/principes\/wp-json\/wp\/v2\/media\/14654"}],"wp:attachment":[{"href":"https:\/\/principesdeparis.es\/principes\/wp-json\/wp\/v2\/media?parent=14653"}],"wp:term":[{"taxonomy":"category","embeddable":true,"href":"https:\/\/principesdeparis.es\/principes\/wp-json\/wp\/v2\/categories?post=14653"},{"taxonomy":"post_tag","embeddable":true,"href":"https:\/\/principesdeparis.es\/principes\/wp-json\/wp\/v2\/tags?post=14653"}],"curies":[{"name":"wp","href":"https:\/\/api.w.org\/{rel}","templated":true}]}}