{"id":14665,"date":"2024-03-24T16:23:26","date_gmt":"2024-03-24T16:23:26","guid":{"rendered":"https:\/\/principesdeparis.es\/principes\/?p=14665"},"modified":"2024-03-24T17:05:23","modified_gmt":"2024-03-24T17:05:23","slug":"tres-novedades-lluis-lopez-aguado-y-liso","status":"publish","type":"post","link":"https:\/\/principesdeparis.es\/principes\/tres-novedades-lluis-lopez-aguado-y-liso\/","title":{"rendered":"Tres novedades: Llu\u00eds L\u00f3pez, Aguado y Liso"},"content":{"rendered":"<p>El juvenil Adri\u00e1n Liso se hace un hueco por la lesi\u00f3n de Mollejo y debuta como titular en un Real Zaragoza que presenta dos novedades m\u00e1s por cuesti\u00f3n de fuerza mayor, la inclusi\u00f3n de Llu\u00eds L\u00f3pez en lugar de Franc\u00e9s, en misi\u00f3n internacional con la sub 21 de De la fuente, y de Marc Aguado por el tambi\u00e9n lesionado Francho. V\u00edctor Fern\u00e1ndez insiste en Mouri\u00f1o como lateral derecho y entrega de nuevo el arco ofensivo a Bakis pese a que el turco est\u00e9 todav\u00eda en fase de rodaje tras recuperarse de su \u00faltima dolencia.\u00a0 La necesidad de vencer, despu\u00e9s no hacerlo desde hace siete partidos ante el Sporting y cinco meses y medio fuera de casa contra el Andorra, empieza a tener textura de urgencia porque por abajo comienzan a apretar las tuercas. Al Alcorc\u00f3n se impuso ayer al Oviedo y ma\u00f1ana juega el Albacete contra el Racing de Ferrol. Si ganan los manchegos y el conjunto aragon\u00e9s no lo hace, la distancia con el descenso se reducir\u00eda como no lo ha hecho en toda la temporada.<\/p>\n<p>Los tres puntos se hacen ya imprescindibles para un equipo que necesita cuanto antes cambio de rumbo a su lenta pero progresiva ca\u00edda. El entrenador ha subrayado a lo largo de la semana que la segunda parte frente al Espanyol es el camino a seguir. Es cierto que el grupo, liderado por un Franc\u00e9s estratosf\u00e9rico que dispuso de la gran y \u00fanica ocasi\u00f3n clara para marcar, derrocho coraje, pero su desencuentro con la porter\u00eda rival sigue siendo un problema muy serio. Un gol en seis jornadas reafirma un mal end\u00e9mico de todo el curso, sin que ninguno de los delanteros haya respondido ni de lejos a las expectativas que hab\u00eda sobre ellos.<\/p>\n<p>Estar tarde hay una buena oportunidad de romper con esa racha ante un Mirand\u00e9s muy desprotegido en defensa (ha encajado en 44 ocasiones) que, sin embargo, dispone de un arsenal m\u00e1s que notable en las figuras de Carlos Mart\u00edn, con 13 dianas, Gabri en su vuelta al once, con 7, y <span class=\"font-weight-bold mr-2 float-left\">Chaira<\/span>, con 5. Alessio Lisci sale con los tres, es decir con toda la artiller\u00eda en lo que supone una declaraci\u00f3n de intenciones del entrenador italiano. Se miden dos equipos que quieren ser protagonistas, los jabatos por el impulso de la joven estructura de su plantilla y el aragon\u00e9s por mandato de V\u00edctor Fern\u00e1ndez, quien en este partido, sin variar el dibujo, intentar\u00e1 que sus futbolistas le den la respuesta que busca durante los 90 minutos. Otra cosa es que pueda. Por eso record\u00f3 que aunque el objetivo es el triunfo, empatar no ser\u00eda mal asunto seg\u00fan transcurra el encuentro.<\/p>\n<p>&nbsp;<\/p>\n<p>La alineaci\u00f3n del Mirand\u00e9s<\/p>\n<blockquote class=\"twitter-tweet\">\n<p dir=\"ltr\" lang=\"es\">\u0301 | <a href=\"https:\/\/twitter.com\/RealZaragoza?ref_src=twsrc%5Etfw\">@RealZaragoza<\/a><\/p>\n<p>\u00a1MI EQUIPO! <a href=\"https:\/\/twitter.com\/hashtag\/Mirand%C3%A9sRealZaragoza?src=hash&amp;ref_src=twsrc%5Etfw\">#Mirand\u00e9sRealZaragoza<\/a> <a href=\"https:\/\/t.co\/OceO196T6q\">pic.twitter.com\/OceO196T6q<\/a><\/p>\n<p>\u2014 Club Deportivo Mirand\u00e9s (@CDMirandes) <a href=\"https:\/\/twitter.com\/CDMirandes\/status\/1771935297413992699?ref_src=twsrc%5Etfw\">March 24, 2024<\/a><\/p><\/blockquote>\n<p><script async src=\"https:\/\/platform.twitter.com\/widgets.js\" charset=\"utf-8\"><\/script><\/p>\n","protected":false},"excerpt":{"rendered":"<p>El juvenil Adri\u00e1n Liso se hace un hueco por la lesi\u00f3n de Mollejo y debuta como titular en un Real Zaragoza que presenta dos novedades m\u00e1s por cuesti\u00f3n de fuerza mayor, la inclusi\u00f3n de Llu\u00eds L\u00f3pez en lugar de Franc\u00e9s, en misi\u00f3n internacional con la sub 21 de De la <a class=\"read-more\" href=\"https:\/\/principesdeparis.es\/principes\/tres-novedades-lluis-lopez-aguado-y-liso\/\">Sigue leyendo<\/a><\/p>\n","protected":false},"author":2,"featured_media":14666,"comment_status":"open","ping_status":"open","sticky":false,"template":"","format":"standard","meta":{"footnotes":""},"categories":[13,1],"tags":[],"class_list":["post-14665","post","type-post","status-publish","format-standard","has-post-thumbnail","hentry","category-publicidad","category-real-zaragoza"],"_links":{"self":[{"href":"https:\/\/principesdeparis.es\/principes\/wp-json\/wp\/v2\/posts\/14665","targetHints":{"allow":["GET"]}}],"collection":[{"href":"https:\/\/principesdeparis.es\/principes\/wp-json\/wp\/v2\/posts"}],"about":[{"href":"https:\/\/principesdeparis.es\/principes\/wp-json\/wp\/v2\/types\/post"}],"author":[{"embeddable":true,"href":"https:\/\/principesdeparis.es\/principes\/wp-json\/wp\/v2\/users\/2"}],"replies":[{"embeddable":true,"href":"https:\/\/principesdeparis.es\/principes\/wp-json\/wp\/v2\/comments?post=14665"}],"version-history":[{"count":12,"href":"https:\/\/principesdeparis.es\/principes\/wp-json\/wp\/v2\/posts\/14665\/revisions"}],"predecessor-version":[{"id":14679,"href":"https:\/\/principesdeparis.es\/principes\/wp-json\/wp\/v2\/posts\/14665\/revisions\/14679"}],"wp:featuredmedia":[{"embeddable":true,"href":"https:\/\/principesdeparis.es\/principes\/wp-json\/wp\/v2\/media\/14666"}],"wp:attachment":[{"href":"https:\/\/principesdeparis.es\/principes\/wp-json\/wp\/v2\/media?parent=14665"}],"wp:term":[{"taxonomy":"category","embeddable":true,"href":"https:\/\/principesdeparis.es\/principes\/wp-json\/wp\/v2\/categories?post=14665"},{"taxonomy":"post_tag","embeddable":true,"href":"https:\/\/principesdeparis.es\/principes\/wp-json\/wp\/v2\/tags?post=14665"}],"curies":[{"name":"wp","href":"https:\/\/api.w.org\/{rel}","templated":true}]}}