{"id":14691,"date":"2024-03-25T15:39:25","date_gmt":"2024-03-25T15:39:25","guid":{"rendered":"https:\/\/principesdeparis.es\/principes\/?p=14691"},"modified":"2024-03-25T22:50:15","modified_gmt":"2024-03-25T22:50:15","slug":"la-sabana-santa-de-victor-fernandez","status":"publish","type":"post","link":"https:\/\/principesdeparis.es\/principes\/la-sabana-santa-de-victor-fernandez\/","title":{"rendered":"La s\u00e1bana santa de V\u00edctor Fern\u00e1ndez"},"content":{"rendered":"<p>V\u00edctor Fern\u00e1ndez se ha cubierto con la s\u00e1bana santa del mes\u00edas que llevar\u00e1 al Real Zaragoza a Primera. As\u00ed, el t\u00e9cnico ha adquirido un aval que le permite transitar por esta temporada sin tribunal alguno que pueda enjuiciar su labor, que consiste en que el conjunto aragon\u00e9s se salve para armar un proyecto cuyo \u00fanico destino es el regreso al para\u00edso perdido. Su misi\u00f3n no es de este mundo aunque en los dos partidos que ha dirigido al equipo se haya comprobado que, con una plantilla del mont\u00f3n, es tan terrenal como Fran Escrib\u00e1 o Julio Vel\u00e1zquez. La burbuja medi\u00e1tica y su propia aura act\u00faan de escudo porque en tan s\u00f3lo un par de jornadas no es de recibo sacar conclusiones, pero en este corto espacio de tiempo los futbolistas y Juan Carlos Cordero han recibido los palos que se han ganado sin que el trabajo del entrenador haya sido cuestionado por nadie. Si otro t\u00e9cnico cualquiera, con menos perfume hist\u00f3rico, hubiese perdido y empatado dos aut\u00e9nticos tostones sin aportar un \u00e1pice de alegr\u00eda al f\u00fatbol, sin marcar un s\u00f3lo gol y saliendo a la rueda de prensa para decir que \u00abMoya ha sido de los jugadores m\u00e1s brillantes en los 90 minutos\u00bb, algo tan obvio como \u00abvamos a sufrir ni no tenemos m\u00e1s veneno en las acciones\u00bb, \u00abhemos crecido mucho durante el partido\u00bb o, en la actual tesitura, \u00ab\u00edbamos a intentar ganar, pero si no puedes ganar, nunca hay que perder\u00bb, alg\u00fan bofet\u00f3n cr\u00edtico, aunque fuera de perfil, ya se hubiese escuchado este lunes.<\/p>\n<p>Las voces tiemblan, los pulsos tambi\u00e9n cuando se entra a valorar en los foros oficiales qu\u00e9 es lo que realmente est\u00e1 aportando. Gran parte de la afici\u00f3n, no toda, le adora por lo que fue y por lo que, supuestamente, ser\u00e1. V\u00edctor se ha metido en este l\u00edo porque lo ha buscado y le han promocionado aprovechando la fisura de una crisis y porque Sanlleh\u00ed y Cordero necesitaban apaciguar e ilusionar a una hinchada que les ten\u00eda enca\u00f1onados. Aun as\u00ed siguen en la diana, con bastante peor futuro para el director deportivo, atrapado en un callej\u00f3n sin salida por su mala gesti\u00f3n de los mercados, sobre todo el de invierno, y porque el curso que viene le espera un papel secundario en la confecci\u00f3n del equipo siempre y cuando la propiedad cumpla con otorgar al t\u00e9cnico poderes mayores para participar en esa construcci\u00f3n, algo todav\u00eda por certificar, al igual que la salvaci\u00f3n matem\u00e1tica. Por muy zaragocista que se declare, por muy conocedor de la casa que sea y por muy altas que sean sus miras, al final, como bien dijo \u00e9l mismo, son los futbolistas quienes cocinan la gloria de los entrenadores. Y estos no van sobrados precisamente de materia prima ni de condimentos para contrarrestar la amargura de un men\u00fa indigerible al que desde el banquillo tampoco se le a\u00f1ade un gramo de az\u00facar.<\/p>\n<p>La idea con el tercer cambio en la banqueta era que el Real Zaragoza se contagiase de V\u00edctor Fern\u00e1ndez, que aun con el pesado lastre de las m\u00faltiples limitaciones, el nuevo-antiguo y querido entrenador aportara el glamur de su fama y de sus conocimientos. Ha metido a Mouri\u00f1o de lateral, a quien en el parto ya le bautizaron como central para toda la vida, con G\u00e1mez y Zedadka de turistas en la citaci\u00f3n; ha entregado galones al trivial Moya, sacador sin fortuna de faltas y c\u00f3rners y centrocampista de flem\u00e1tico repliegue, y le ha dado todo el cari\u00f1o posible a Bakis para en lugar de recuperarse en el gimnasio con el fisio lo haga en el campo minuto a minuto, a fuego lento, sin prisas y sin goles. Por lo menos ha devuelto a Franc\u00e9s a su sitio y, forzado por las circunstancias, se ha animado con Adri\u00e1n Liso, un juvenil que en Anduva se dej\u00f3 el alma junto a una procesi\u00f3n de p\u00e1lidos cad\u00e1veres. V\u00edctor Fern\u00e1ndez bucea, perfora y escudri\u00f1a protegido por un seguro de vida a prueba de bombas: la venerada s\u00e1bana santa del pasado, antibalas contra el presente y pasaporte para resucitar a L\u00e1zaro. Un mal resultado contra el Tenerife crucificar\u00e1 una vez m\u00e1s a Cordero y a los futbolistas. Faltar\u00eda m\u00e1s.<\/p>\n","protected":false},"excerpt":{"rendered":"<p>V\u00edctor Fern\u00e1ndez se ha cubierto con la s\u00e1bana santa del mes\u00edas que llevar\u00e1 al Real Zaragoza a Primera. As\u00ed, el t\u00e9cnico ha adquirido un aval que le permite transitar por esta temporada sin tribunal alguno que pueda enjuiciar su labor, que consiste en que el conjunto aragon\u00e9s se salve para <a class=\"read-more\" href=\"https:\/\/principesdeparis.es\/principes\/la-sabana-santa-de-victor-fernandez\/\">Sigue leyendo<\/a><\/p>\n","protected":false},"author":2,"featured_media":14692,"comment_status":"open","ping_status":"open","sticky":false,"template":"","format":"standard","meta":{"footnotes":""},"categories":[13,1],"tags":[],"class_list":["post-14691","post","type-post","status-publish","format-standard","has-post-thumbnail","hentry","category-publicidad","category-real-zaragoza"],"_links":{"self":[{"href":"https:\/\/principesdeparis.es\/principes\/wp-json\/wp\/v2\/posts\/14691","targetHints":{"allow":["GET"]}}],"collection":[{"href":"https:\/\/principesdeparis.es\/principes\/wp-json\/wp\/v2\/posts"}],"about":[{"href":"https:\/\/principesdeparis.es\/principes\/wp-json\/wp\/v2\/types\/post"}],"author":[{"embeddable":true,"href":"https:\/\/principesdeparis.es\/principes\/wp-json\/wp\/v2\/users\/2"}],"replies":[{"embeddable":true,"href":"https:\/\/principesdeparis.es\/principes\/wp-json\/wp\/v2\/comments?post=14691"}],"version-history":[{"count":4,"href":"https:\/\/principesdeparis.es\/principes\/wp-json\/wp\/v2\/posts\/14691\/revisions"}],"predecessor-version":[{"id":14701,"href":"https:\/\/principesdeparis.es\/principes\/wp-json\/wp\/v2\/posts\/14691\/revisions\/14701"}],"wp:featuredmedia":[{"embeddable":true,"href":"https:\/\/principesdeparis.es\/principes\/wp-json\/wp\/v2\/media\/14692"}],"wp:attachment":[{"href":"https:\/\/principesdeparis.es\/principes\/wp-json\/wp\/v2\/media?parent=14691"}],"wp:term":[{"taxonomy":"category","embeddable":true,"href":"https:\/\/principesdeparis.es\/principes\/wp-json\/wp\/v2\/categories?post=14691"},{"taxonomy":"post_tag","embeddable":true,"href":"https:\/\/principesdeparis.es\/principes\/wp-json\/wp\/v2\/tags?post=14691"}],"curies":[{"name":"wp","href":"https:\/\/api.w.org\/{rel}","templated":true}]}}