{"id":14720,"date":"2024-03-30T18:54:11","date_gmt":"2024-03-30T18:54:11","guid":{"rendered":"https:\/\/principesdeparis.es\/principes\/?p=14720"},"modified":"2024-03-31T00:32:38","modified_gmt":"2024-03-31T00:32:38","slug":"victor-las-estadisticas-y-el-humanismo","status":"publish","type":"post","link":"https:\/\/principesdeparis.es\/principes\/victor-las-estadisticas-y-el-humanismo\/","title":{"rendered":"V\u00edctor, las estad\u00edsticas y el humanismo"},"content":{"rendered":"<p style=\"text-align: center;\"><em><strong>El entrenador insiste en que los n\u00fameros en sus dos partidos fueron mejores que los del rival y quiere que contra el Tenerife salga a flote la libertad individual para ganar \u00abel partido m\u00e1s importante de la temporada\u00bb<\/strong><\/em><\/p>\n<p>V\u00edctor Fern\u00e1ndez ha analizado y buceado con sus ayudantes los dos partidos que lleva al frente del Real Zaragoza y le salen los n\u00fameros pero le falla la punter\u00eda de los jugadores y un agarrotamiento para expresarse en el campo, casi nada en este deporte. El t\u00e9cnico tira de estad\u00edsticas para llenar medio vaso y llegar a la conclusi\u00f3n de que no fueron inferiores ni al Espanyol ni al Mirand\u00e9s. En el campo, sin embargo, se visualiz\u00f3 un Real Zaragoza similar al de Escrib\u00e1 y Vel\u00e1zquez, con datos que no mienten pero tampoco esconden la verdad ni para el propio entrenador. \u00abHemos sido bastantes superiores salvo en un el registro m\u00e1s importante, el de meter un gol m\u00e1s que ellos, y ah\u00ed desgraciadamente no lo hemos sido\u00bb. El t\u00e9cnico zaragozano explica que esta semana ha sido la m\u00e1s completa en entrenamientos y de la que sale m\u00e1s satisfecho, y que ha trabajado \u00abm\u00e1s que nunca\u00bb el \u00e1rea individual, una labor concentrada en explicar a cada uno de sus disc\u00edpulos d\u00f3nde yerra y donde acierta, qu\u00e9 debe mejorar y que debe evitar. V\u00eddeos personalizados, charlas particulares, una faena de calado psicol\u00f3gico para que todo se suelten. \u00abQue no tengan miedo a fallar en zonas de poco riego, que sean atrevidos\u00bb. Atr\u00e1s, por supuesto, pocas bromas en defensa. \u00abValoro este partido en dos cuestiones b\u00e1sicas, tener solidez defensiva para ganar y no perder a trav\u00e9s del ataque. Esto pasa por ser preciso y crear m\u00e1s volumen de ocasiones con un mejor trato del bal\u00f3n para ser superiores\u00bb.<\/p>\n<p>Repite en que se ha tenido m\u00e1s la pelota, se ha tirado m\u00e1s veces&#8230; \u00abPero no ha faltado el gol\u00bb, se lamenta. \u00abEl jugador debe detectar el peligro y afinar su atrevimiento\u00bb. V\u00edctor enfatiza en ese trabajo mental \u00aby para qu\u00e9 negarlo, lo hemos hecho con jugadores de las zonas m\u00e1s adelantadas\u00bb. Quiere que lo que se ensaya tan a su gusto se traduzca en el encuentro, \u00aben el partido m\u00e1s importante de la temporada, el que nos marcar\u00e1 si nos alivia o no en la clasificaci\u00f3n\u00bb, acent\u00faa solicitando el apoyo de la afici\u00f3n frente a la trascendencia de la cita de este domingo frente al Tenerife (16.15). Su l\u00ednea de actuaci\u00f3n ser\u00e1 la misma que la ha distinguido a la largo de su carrera: no toca, o lo hace lo menos posible, aquello que funciona o que, como este caso, puede empeorar lo poco que hay. \u00abNo se va a producir ning\u00fan alboroto en la alineaci\u00f3n porque estamos en crecimiento. Del empate tenemos que pasar a la victoria. El equipo tiene buenos mecanismos y una importante conciencia defensiva y nadie nos somete, al contrario. Tenemos que hacernos fuertes en casa porque si no la situaci\u00f3n se agrava. Esto no quiere que no vaya a a haber cambios, pero no cuatro ni tres\u00bb.<\/p>\n<p>Valera y sobre todo Bakis \u00abtiene que sumar m\u00e1s. Les hemos dado herramientas para que lo hagan. Ellos son conscientes de que su aportaci\u00f3n tiene que ser mayor para el grupo\u00bb. El turco est\u00e1 muy fuera de forma y Az\u00f3n ha sido relegado a un segundo plano en un curso donde el canterano tambi\u00e9n est\u00e1 muy lejos de su mejor versi\u00f3n, regresando a la figura de revulsivo que le otorg\u00f3 Juan Ignacio Mart\u00ednez. \u00abSi me preguntan cu\u00e1l de los dos es m\u00e1s revulsivo, respondo sin duda que Az\u00f3n, pero eso no quiere decir que Iv\u00e1n no pueda ser de inicio\u00bb. Entre tanta rectificaci\u00f3n, sesiones de recuperaci\u00f3n de estima, el t\u00e9cnico se congratula de tener de nuevo a su lado a Franc\u00e9s, quien necesita poca motivaci\u00f3n exterior cada fin de semana. \u00abTiene un car\u00e1cter y una personalidad impresionante. Pero este no es el Franc\u00e9s que esperamos todos. Tiene un margen de mejora muy importante y ha de intentar reforzar la autocr\u00edtica. Me encanta, pero puede jugar mejor. Su peor partido deber\u00eda ser como el que hizo frente al Espanyol. Encima es aragon\u00e9s, zaragocista y siente la camiseta como el que m\u00e1s\u00bb.<\/p>\n<p>Esos n\u00fameros que recalca V\u00edctor Fern\u00e1ndez para subrayar una jerarqu\u00eda muy ficticia si no hay gol ni triunfos, como es el caso durante cinco jornadas consecutivas en un caso y en siete en el otro, servir\u00e1n de poco ante el Tenerife en un choque mucho m\u00e1s importante de lo que parece si no se quiere empezar a mirar de reojo a otros estadios y sus resultados. El gran argumento que se expone para dar un giro hacia la victoria es la fuerza del individuo y el optimismo de que aflorar\u00e1 de inmediato por la inercia positiva de una semana de entrenamientos. En realidad, por ahora, es un acto de fe cargado de buenas intenciones y de muchas horas dedicadas a reanimar a un equipo que se paraliza al menor golpe, a un Real Zaragoza que se defiende bien y ataca como el peor. Las estad\u00edsticas hay que romperlas de cuajo, todas. Las que hablan de un grupo al alza, algo falso, y las que confirman que el conjunto aragon\u00e9s no va a encontrar los goles en el div\u00e1n.<\/p>\n","protected":false},"excerpt":{"rendered":"<p>El entrenador insiste en que los n\u00fameros en sus dos partidos fueron mejores que los del rival y quiere que contra el Tenerife salga a flote la libertad individual para ganar \u00abel partido m\u00e1s importante de la temporada\u00bb V\u00edctor Fern\u00e1ndez ha analizado y buceado con sus ayudantes los dos partidos <a class=\"read-more\" href=\"https:\/\/principesdeparis.es\/principes\/victor-las-estadisticas-y-el-humanismo\/\">Sigue leyendo<\/a><\/p>\n","protected":false},"author":2,"featured_media":14721,"comment_status":"open","ping_status":"open","sticky":false,"template":"","format":"standard","meta":{"footnotes":""},"categories":[1],"tags":[],"class_list":["post-14720","post","type-post","status-publish","format-standard","has-post-thumbnail","hentry","category-real-zaragoza"],"_links":{"self":[{"href":"https:\/\/principesdeparis.es\/principes\/wp-json\/wp\/v2\/posts\/14720","targetHints":{"allow":["GET"]}}],"collection":[{"href":"https:\/\/principesdeparis.es\/principes\/wp-json\/wp\/v2\/posts"}],"about":[{"href":"https:\/\/principesdeparis.es\/principes\/wp-json\/wp\/v2\/types\/post"}],"author":[{"embeddable":true,"href":"https:\/\/principesdeparis.es\/principes\/wp-json\/wp\/v2\/users\/2"}],"replies":[{"embeddable":true,"href":"https:\/\/principesdeparis.es\/principes\/wp-json\/wp\/v2\/comments?post=14720"}],"version-history":[{"count":2,"href":"https:\/\/principesdeparis.es\/principes\/wp-json\/wp\/v2\/posts\/14720\/revisions"}],"predecessor-version":[{"id":14723,"href":"https:\/\/principesdeparis.es\/principes\/wp-json\/wp\/v2\/posts\/14720\/revisions\/14723"}],"wp:featuredmedia":[{"embeddable":true,"href":"https:\/\/principesdeparis.es\/principes\/wp-json\/wp\/v2\/media\/14721"}],"wp:attachment":[{"href":"https:\/\/principesdeparis.es\/principes\/wp-json\/wp\/v2\/media?parent=14720"}],"wp:term":[{"taxonomy":"category","embeddable":true,"href":"https:\/\/principesdeparis.es\/principes\/wp-json\/wp\/v2\/categories?post=14720"},{"taxonomy":"post_tag","embeddable":true,"href":"https:\/\/principesdeparis.es\/principes\/wp-json\/wp\/v2\/tags?post=14720"}],"curies":[{"name":"wp","href":"https:\/\/api.w.org\/{rel}","templated":true}]}}