{"id":14747,"date":"2024-04-01T17:29:53","date_gmt":"2024-04-01T17:29:53","guid":{"rendered":"https:\/\/principesdeparis.es\/principes\/?p=14747"},"modified":"2024-04-01T18:19:46","modified_gmt":"2024-04-01T18:19:46","slug":"la-cantera-si-pero-no-asi","status":"publish","type":"post","link":"https:\/\/principesdeparis.es\/principes\/la-cantera-si-pero-no-asi\/","title":{"rendered":"La cantera s\u00ed, pero no as\u00ed"},"content":{"rendered":"<p style=\"text-align: center;\"><em><strong>Si el Real Zaragoza proyecta una aspiraci\u00f3n firme para subir a Primera con V\u00edctor Fern\u00e1ndez al frente, los futbolistas de la escuela pueden formar parte del objetivo no sin antes rodearles de un equipo con mucho m\u00e1s cuajo que el actual<\/strong><\/em><\/p>\n<p>Algunos han puesto su grano de arena y otros toneladas de implicaci\u00f3n y rendimiento para que el Real Zaragoza siga formando parte del f\u00fatbol profesional en Segunda. El club les debe la vida para sanear sus cuentas y permitirle que deportivamente no haya ca\u00eddo m\u00e1s bajo todav\u00eda que doce temporadas consecutivas en esta infame categor\u00eda. Ayer, en un partido cr\u00edtico, los dos primeros goles fueron de Franc\u00e9s y Az\u00f3n. Con Francho, posiblemente de baja hasta final de campa\u00f1a, han firmado tres cada uno, nueve en total por ahora. En el ejercicio 2020-2021 colaboraron a la salvaci\u00f3n con once, siete del ariete, dos del centrocampista, uno del defensor y otro m\u00e1s de Puche&#8230; En cuatro a\u00f1os de penosa planificaci\u00f3n ofensiva, dos de ellos con la multipropiedad ya al tim\u00f3n, los chicos se han ganado el derecho a la titularidad y la mejora de sus contratos con el l\u00f3gico peaje en ocasiones de su ternura competitiva.<\/p>\n<p>Se merecen todos los elogios, pero el tama\u00f1o de estos se ha sobredimensionado no pocas veces m\u00e1s all\u00e1 del confirmaci\u00f3n real de sus capacidades para un universo m\u00b4s exigente, dentro del marco de un Real Zaragoza de perfil bajo en constante estado de guerras menores, o mayores, seg\u00fan se interprete. De todos ellos, Alejandro Franc\u00e9s es el que desprende p\u00farpura de \u00e9lite. Capital de la sub 21 de Luis de la Fuente y con un buen pu\u00f1ado pretendientes en la liga superior, lo tiene casi todo para dar el salto. Francho Serrano ha evolucionado sobre su esp\u00edritu estajanovista, f\u00edsicamente poderoso en el recorrido y ganancia de los espacios aunque pendiente de un nivel superior de t\u00e9cnica en los metros finales. Iv\u00e1n Az\u00f3n enamora, confunde e irrita, pendiente todav\u00eda de la finalizaci\u00f3n que distingue al ariete grande mientras subsiste dentro de la poderosa armadura de tit\u00e1n en constante batalla. Sus destinos, salvo que alguien se haga con los derechos de Franc\u00e9s y se rompa el triunvirato, apunta a otra aventura juntos, esta supuestamente enfocada a un ascenso inmediato con V\u00edctor Fern\u00e1ndez como arquitecto de algo m\u00e1s que una ilusi\u00f3n.<\/p>\n<p>Est\u00e1n cualificados para conservar su estatus, con mayor o menor participaci\u00f3n, pero no para responsabilizarse de una macroempresa como han hecho casi en exclusiva hasta la fecha con la ayuda inestimable de Cristian, lesionado, un Jair muy a la baja, y sin un goleador constante en todo su recorrido en el primer equipo. La hambruna anotadora ha sido devastadora, algo inasumible para un plan de m\u00e1xima ambici\u00f3n. La direcci\u00f3n deportiva y V\u00edctor Fern\u00e1ndez van a conservar en la fotograf\u00eda a Franc\u00e9s, Francho y Az\u00f3n a la espera de que Aguado recupere la jerarqu\u00eda que demostr\u00f3 en el Andorra, si bien ser\u00e1 de obligado cumplimiento rodearles de un vestuario con mucho m\u00e1s cuajo que el actual para que manifiesten sus virtudes sin la presi\u00f3n asfixiante de liderarlo casi todo. La mayor\u00eda de sus compa\u00f1eros van con lo justo como ha ratificado la temporada, que se ha llevado por delante a dos entrenadores. La cantera s\u00ed, pero no as\u00ed si de verdad se contempla el ascenso.<\/p>\n","protected":false},"excerpt":{"rendered":"<p>Si el Real Zaragoza proyecta una aspiraci\u00f3n firme para subir a Primera con V\u00edctor Fern\u00e1ndez al frente, los futbolistas de la escuela pueden formar parte del objetivo no sin antes rodearles de un equipo con mucho m\u00e1s cuajo que el actual Algunos han puesto su grano de arena y otros <a class=\"read-more\" href=\"https:\/\/principesdeparis.es\/principes\/la-cantera-si-pero-no-asi\/\">Sigue leyendo<\/a><\/p>\n","protected":false},"author":2,"featured_media":14749,"comment_status":"open","ping_status":"open","sticky":false,"template":"","format":"standard","meta":{"footnotes":""},"categories":[13,1],"tags":[],"class_list":["post-14747","post","type-post","status-publish","format-standard","has-post-thumbnail","hentry","category-publicidad","category-real-zaragoza"],"_links":{"self":[{"href":"https:\/\/principesdeparis.es\/principes\/wp-json\/wp\/v2\/posts\/14747","targetHints":{"allow":["GET"]}}],"collection":[{"href":"https:\/\/principesdeparis.es\/principes\/wp-json\/wp\/v2\/posts"}],"about":[{"href":"https:\/\/principesdeparis.es\/principes\/wp-json\/wp\/v2\/types\/post"}],"author":[{"embeddable":true,"href":"https:\/\/principesdeparis.es\/principes\/wp-json\/wp\/v2\/users\/2"}],"replies":[{"embeddable":true,"href":"https:\/\/principesdeparis.es\/principes\/wp-json\/wp\/v2\/comments?post=14747"}],"version-history":[{"count":4,"href":"https:\/\/principesdeparis.es\/principes\/wp-json\/wp\/v2\/posts\/14747\/revisions"}],"predecessor-version":[{"id":14753,"href":"https:\/\/principesdeparis.es\/principes\/wp-json\/wp\/v2\/posts\/14747\/revisions\/14753"}],"wp:featuredmedia":[{"embeddable":true,"href":"https:\/\/principesdeparis.es\/principes\/wp-json\/wp\/v2\/media\/14749"}],"wp:attachment":[{"href":"https:\/\/principesdeparis.es\/principes\/wp-json\/wp\/v2\/media?parent=14747"}],"wp:term":[{"taxonomy":"category","embeddable":true,"href":"https:\/\/principesdeparis.es\/principes\/wp-json\/wp\/v2\/categories?post=14747"},{"taxonomy":"post_tag","embeddable":true,"href":"https:\/\/principesdeparis.es\/principes\/wp-json\/wp\/v2\/tags?post=14747"}],"curies":[{"name":"wp","href":"https:\/\/api.w.org\/{rel}","templated":true}]}}