{"id":14764,"date":"2024-04-03T11:53:19","date_gmt":"2024-04-03T11:53:19","guid":{"rendered":"https:\/\/principesdeparis.es\/principes\/?p=14764"},"modified":"2024-04-03T12:05:00","modified_gmt":"2024-04-03T12:05:00","slug":"azon-senala-a-enrich-como-figura-clave-en-su-mejora","status":"publish","type":"post","link":"https:\/\/principesdeparis.es\/principes\/azon-senala-a-enrich-como-figura-clave-en-su-mejora\/","title":{"rendered":"Az\u00f3n se\u00f1ala a Enrich como figura clave en su mejora"},"content":{"rendered":"<p><strong>El delantero, autor del segundo gol en la victoria frente al Tenerife despu\u00e9s de varis meses castigado por las lesiones y un regreso que la ha sido costoso, se ha detenido especialmente en la figura de Sergi Enrich. El canterano considera clave el papel que ha jugado en su mejora el punta balear, quien ha dejado de tener el poco protagonismo que contaba, y en su traves\u00eda por la enfermer\u00eda con el apoyo y los consejos constantes que le ha ofrecido este curso. Az\u00f3n le dedic\u00f3 el tanto con especial efusividad corriendo a abrazarse con \u00e9l, un gesto que ha explicado esta ma\u00f1ana y cuyo origen no es otro que esa complicidad entre ambos.<\/strong><\/p>\n<p><strong>Por fin una victoria:<\/strong> \u00abHa sido un respiro en el vestuario despu\u00e9s de la racha que llev\u00e1bamos\u00bb.<\/p>\n<p><strong>Ha mejorado:<\/strong> \u00abHe ido avanzando durante estas semanas. Es cierto que fue dif\u00edcil cuando vino un entrenador nuevo. Ahora me he encontrado mejor, ganado confianza y me ha servido para hacerme esta semana con la titularidad\u00bb.<\/p>\n<p><strong>Problemas fuera de casa:<\/strong> \u00abEl objetivo es ganar en casa y fuera. En La Romareda es m\u00e1s f\u00e1cil por el calor de la afici\u00f3n, lo que tambi\u00e9n tenemos en los desplazamientos porque viajan muchos aficionados con nosotros. Aun con todo es un reto vencer lejos de una vez\u00bb.<\/p>\n<p><strong>Con Bakis:<\/strong> \u00abPodemos jugar los tres, incluido Sergi. Ayuda tener a alguien al lado. Sinan y Enrich pueden guardar el bal\u00f3n y yo hacer las rupturas. Es buens que nos podamos complementar para sumar para el equipo\u00bb.<\/p>\n<p><strong>El gol:<\/strong> \u00abFue un alivio porque llevaba mucho tiempo sin marcar. A nosotros se nos enjuicia por eso aunque hagas un gran partido sin marcar y al contrario. Estoy muy contento porque ayuda a reforzar la confianza personal\u00bb<\/p>\n<p><strong>Temporada complicada:<\/strong> \u00abLamentablemente me han tocado dos a\u00f1os complicados. El primero nivel colectivo, fui cogiendo minutos. El segundo llegaron las lesiones y las reca\u00eddas, un aspecto que me ayud\u00f3 a seguir creciendo aunque fuera fue un chasco, pero hay que sobreponerse para seguir con m\u00e1s ganas. Esta ha sido una temporada muy irregular para todo el vestuario con tres cuerpos t\u00e9cnicos\u00bb.<\/p>\n<p><strong>Novedad con V\u00edctor:<\/strong> \u00abSobre todo en este \u00faltimo partido. Creamos m\u00e1s ocasiones para marcar goles y debemos seguir as\u00ed, tambi\u00e9n puliendo los errores\u00bb.<\/p>\n<p><strong>Otros no marcan:<\/strong> \u00abEl delantero va por rachas, en cuanto metan uno llegaran otros. Sergi me ha ayudado a nivel personal un mont\u00f3n porque es una persona incre\u00edble a la que debo mucho, su apoyo es constante tanto si est\u00e1s lesionado como cuando juegas\u00bb.<\/p>\n<p><strong>Meta:<\/strong> \u00abEl partido a partido, pero ahora a\u00fan m\u00e1s. Conseguir el triunfo en Levante y quedar lo m\u00e1s arriba posible\u00bb.<\/p>\n","protected":false},"excerpt":{"rendered":"<p>El delantero, autor del segundo gol en la victoria frente al Tenerife despu\u00e9s de varis meses castigado por las lesiones y un regreso que la ha sido costoso, se ha detenido especialmente en la figura de Sergi Enrich. El canterano considera clave el papel que ha jugado en su mejora <a class=\"read-more\" href=\"https:\/\/principesdeparis.es\/principes\/azon-senala-a-enrich-como-figura-clave-en-su-mejora\/\">Sigue leyendo<\/a><\/p>\n","protected":false},"author":2,"featured_media":14765,"comment_status":"open","ping_status":"open","sticky":false,"template":"","format":"standard","meta":{"footnotes":""},"categories":[13,1],"tags":[],"class_list":["post-14764","post","type-post","status-publish","format-standard","has-post-thumbnail","hentry","category-publicidad","category-real-zaragoza"],"_links":{"self":[{"href":"https:\/\/principesdeparis.es\/principes\/wp-json\/wp\/v2\/posts\/14764","targetHints":{"allow":["GET"]}}],"collection":[{"href":"https:\/\/principesdeparis.es\/principes\/wp-json\/wp\/v2\/posts"}],"about":[{"href":"https:\/\/principesdeparis.es\/principes\/wp-json\/wp\/v2\/types\/post"}],"author":[{"embeddable":true,"href":"https:\/\/principesdeparis.es\/principes\/wp-json\/wp\/v2\/users\/2"}],"replies":[{"embeddable":true,"href":"https:\/\/principesdeparis.es\/principes\/wp-json\/wp\/v2\/comments?post=14764"}],"version-history":[{"count":5,"href":"https:\/\/principesdeparis.es\/principes\/wp-json\/wp\/v2\/posts\/14764\/revisions"}],"predecessor-version":[{"id":14770,"href":"https:\/\/principesdeparis.es\/principes\/wp-json\/wp\/v2\/posts\/14764\/revisions\/14770"}],"wp:featuredmedia":[{"embeddable":true,"href":"https:\/\/principesdeparis.es\/principes\/wp-json\/wp\/v2\/media\/14765"}],"wp:attachment":[{"href":"https:\/\/principesdeparis.es\/principes\/wp-json\/wp\/v2\/media?parent=14764"}],"wp:term":[{"taxonomy":"category","embeddable":true,"href":"https:\/\/principesdeparis.es\/principes\/wp-json\/wp\/v2\/categories?post=14764"},{"taxonomy":"post_tag","embeddable":true,"href":"https:\/\/principesdeparis.es\/principes\/wp-json\/wp\/v2\/tags?post=14764"}],"curies":[{"name":"wp","href":"https:\/\/api.w.org\/{rel}","templated":true}]}}