{"id":14772,"date":"2024-04-04T08:32:29","date_gmt":"2024-04-04T08:32:29","guid":{"rendered":"https:\/\/principesdeparis.es\/principes\/?p=14772"},"modified":"2024-04-04T08:32:29","modified_gmt":"2024-04-04T08:32:29","slug":"victor-entre-la-bendicion-postiza-del-poder-y-la-real-de-la-aficion","status":"publish","type":"post","link":"https:\/\/principesdeparis.es\/principes\/victor-entre-la-bendicion-postiza-del-poder-y-la-real-de-la-aficion\/","title":{"rendered":"V\u00edctor, entre la bendici\u00f3n postiza del poder y la real de la afici\u00f3n"},"content":{"rendered":"<p>El paraguas abierto para los consejeros, accionistas y directivos del Real Zaragoza con la aparici\u00f3n de V\u00edctor Fern\u00e1ndez anunciada con el suficiente tiempo para que el colectivo lo asumiera e incluso lo aceptase como un bien ca\u00eddo del cielo, lleg\u00f3 a su punto de ebullici\u00f3n el domingo en La Romareda. Con los mismos jugadores que Escrib\u00e1 o Vel\u00e1zquez se jug\u00f3 de otra manera, saliendo al ataque desde el principio y marcando tres goles. Con el sello de Alejandro Franc\u00e9s, Iv\u00e1n Az\u00f3n y Maikel Mesa, exquisitos en su ejecuci\u00f3n y brillantes en su concepci\u00f3n. Un triunfo, con errores defensivos, que acerca a la permanencia al club aragon\u00e9s mientras siguen las actividades fuera del f\u00fatbol y que se refieren al derribo y reconstrucci\u00f3n de La Romareda, as\u00ed como al escenario port\u00e1til v\u00e1lido para veinte mil espectadores en terrenos del Gobierno de Arag\u00f3n. Javier Tebas prefiere que no se juegue fuera de Zaragoza durante los cuatro a\u00f1os previstos de obras y tampoco era f\u00e1cil conseguir un escenario cercano que interesara a la afici\u00f3n blanquilla, m\u00e1s a\u00fan con la poca atenci\u00f3n mostrada por los dirigentes de la entidad con sus aficionados, algo que no ocurre en el Inter Miami ni mucho menos.<\/p>\n<p>Ahora consiste en ver c\u00f3mo se desarrollan los acontecimientos entre el director general, el director deportivo y el entrenador, que va a ser m\u00e1s que un t\u00e9cnico que se siente en el banquillo porque ya ha advertido que desea tener la sart\u00e9n por el mango y crear un proyecto definitivo para el ascenso a Primera Divisi\u00f3n. Vuelvo a repetir que V\u00edctor Fern\u00e1ndez se comi\u00f3 crudos a Cordero y Sanlleh\u00ed en su presentaci\u00f3n y que su dominio tanto en la palabra como en su actividad gestual les dej\u00f3 totalmente fuera de juego. Si a esto a\u00f1adimos que el dirigente catal\u00e1n nunca ha empatizado con la afici\u00f3n blanquilla y que el barbado y serio responsable deportivo ha ca\u00eddo en picado despu\u00e9s del mercado de invierno ante el grader\u00edo zaragocista, me da la impresi\u00f3n que la oligarqu\u00eda bajar\u00e1 los brazos y le otorgar\u00e1 el mando a V\u00edctor. Algo que tambi\u00e9n asimilan los inversores madrile\u00f1os que no desean problemas con la grada y que han encontrado en el entrenador ma\u00f1o un punto de referencia para volver a unir a miles de personas que tem\u00edan un dram\u00e1tico descenso.<\/p>\n","protected":false},"excerpt":{"rendered":"<p>El paraguas abierto para los consejeros, accionistas y directivos del Real Zaragoza con la aparici\u00f3n de V\u00edctor Fern\u00e1ndez anunciada con el suficiente tiempo para que el colectivo lo asumiera e incluso lo aceptase como un bien ca\u00eddo del cielo, lleg\u00f3 a su punto de ebullici\u00f3n el domingo en La Romareda. <a class=\"read-more\" href=\"https:\/\/principesdeparis.es\/principes\/victor-entre-la-bendicion-postiza-del-poder-y-la-real-de-la-aficion\/\">Sigue leyendo<\/a><\/p>\n","protected":false},"author":3,"featured_media":14638,"comment_status":"open","ping_status":"open","sticky":false,"template":"","format":"standard","meta":{"footnotes":""},"categories":[16,13],"tags":[],"class_list":["post-14772","post","type-post","status-publish","format-standard","has-post-thumbnail","hentry","category-el10","category-publicidad"],"_links":{"self":[{"href":"https:\/\/principesdeparis.es\/principes\/wp-json\/wp\/v2\/posts\/14772","targetHints":{"allow":["GET"]}}],"collection":[{"href":"https:\/\/principesdeparis.es\/principes\/wp-json\/wp\/v2\/posts"}],"about":[{"href":"https:\/\/principesdeparis.es\/principes\/wp-json\/wp\/v2\/types\/post"}],"author":[{"embeddable":true,"href":"https:\/\/principesdeparis.es\/principes\/wp-json\/wp\/v2\/users\/3"}],"replies":[{"embeddable":true,"href":"https:\/\/principesdeparis.es\/principes\/wp-json\/wp\/v2\/comments?post=14772"}],"version-history":[{"count":3,"href":"https:\/\/principesdeparis.es\/principes\/wp-json\/wp\/v2\/posts\/14772\/revisions"}],"predecessor-version":[{"id":14775,"href":"https:\/\/principesdeparis.es\/principes\/wp-json\/wp\/v2\/posts\/14772\/revisions\/14775"}],"wp:featuredmedia":[{"embeddable":true,"href":"https:\/\/principesdeparis.es\/principes\/wp-json\/wp\/v2\/media\/14638"}],"wp:attachment":[{"href":"https:\/\/principesdeparis.es\/principes\/wp-json\/wp\/v2\/media?parent=14772"}],"wp:term":[{"taxonomy":"category","embeddable":true,"href":"https:\/\/principesdeparis.es\/principes\/wp-json\/wp\/v2\/categories?post=14772"},{"taxonomy":"post_tag","embeddable":true,"href":"https:\/\/principesdeparis.es\/principes\/wp-json\/wp\/v2\/tags?post=14772"}],"curies":[{"name":"wp","href":"https:\/\/api.w.org\/{rel}","templated":true}]}}