{"id":14777,"date":"2024-04-05T11:57:40","date_gmt":"2024-04-05T11:57:40","guid":{"rendered":"https:\/\/principesdeparis.es\/principes\/?p=14777"},"modified":"2024-04-05T12:29:46","modified_gmt":"2024-04-05T12:29:46","slug":"victor-ya-veremos-donde-estoy-la-proxima-temporada","status":"publish","type":"post","link":"https:\/\/principesdeparis.es\/principes\/victor-ya-veremos-donde-estoy-la-proxima-temporada\/","title":{"rendered":"Victor: \u00abYa veremos d\u00f3nde estoy la pr\u00f3xima temporada\u00bb"},"content":{"rendered":"<p>La frase se qued\u00f3 colgada sin gran impacto de la sala de prensa, en un momento determinado de la comparecencia previa al partido de ma\u00f1ana contra el Levante. Se le cuestion\u00f3 a V\u00edctor Fern\u00e1ndez c\u00f3mo piensa plantear su trabajo en el futuro pr\u00f3ximo y el entrenador solt\u00f3 un enigm\u00e1tico o al menos llamativo \u00abde momento ya veremos d\u00f3nde estoy\u00a0 la pr\u00f3xima temporada\u00bb. \u00bfC\u00f3mo recoger ese apunte? Puede, seguramente, que se trate de una cuesti\u00f3n sin mayor importancia, una\u00a0 de esas salidas que el zaragozano tiene de vez en cuando para darle a sus intervenciones un toque personalizado. Sin embargo, est\u00e1n asomando nombres de nuevos posibles fichajes para el pr\u00f3ximo curso, un tema que en principio estar\u00eda gestionando Juan Carlos Cordero sin confirmarse que V\u00edctor, con un a\u00f1o m\u00e1s de contrato y la palabra de Ra\u00fal Sanlleh\u00ed de que tendr\u00e1 voz y voto en la configuraci\u00f3n de esa plantilla, haya sido cuestionado al respecto. De inmediato, afirm\u00f3 que no est\u00e1 con la cabeza puesta en el porvenir y que cuando llegue el momento se sentar\u00e1 con los responsables para conversar sobre lo que proceda.<\/p>\n<p>El partido con el Levante ocupo la mayor parte de la charla, pero esa afirmaci\u00f3n se convirti\u00f3 en titular. Que hay detr\u00e1s de ella se ir\u00e1 descubriendo con el tiempo. Mientras tanto, al encuentro de ma\u00f1ana en el Ciutat de Valencia le dio importancia nob s\u00f3lo por romper una rancia terrible de jornadas sin vencer a domicilio, desde Andorra con Fran Escriba. \u00abPara ganar\u00a0 tenemos que hacer un partido perfecto en ataque y en defensa. Ellos son un equipo fuerte, de muchas transiciones y luchan por entrar en la promoci\u00f3n de ascenso\u00bb. No habr\u00e1 cambios o eso parece, con la dupla Bakis-Az\u00f3n de nuevo arriba. \u00abNo hay motivos para que se produzcan muchas variables\u00bb, coment\u00f3 el entrenador, muy satisfecho de la evoluci\u00f3n del grupo, que a su parecer no se aproxima ni de lejos a su ideario futbol\u00edstico. De Bakis sigue esperando \u00abmucho m\u00e1s. Mejoro el otro d\u00eda, pero le exigimos bastante m\u00e1s porque puede y tiene cualidades\u00bb, y de Manu Vallejo, prescindible para los tres entrenadores, dijo \u00abque est\u00e1 entrenando muy bien, como un profesional\u00bb, sin asegurar si en un momento determinado tendr\u00e1 m\u00e1s protagonismo, que no lo parece.<\/p>\n<p>\u00abYa veremos d\u00f3nde estoy la pr\u00f3xima temporada\u00bb&#8230; Puede que se est\u00e9 cociendo\u00a0 algo o puede que no. Ya se sabe que Victor Fernandez es un costurero muy cuidadoso con sus palabras. Y pocas veces da puntada sin hilo.<\/p>\n<p>&nbsp;<\/p>\n","protected":false},"excerpt":{"rendered":"<p>La frase se qued\u00f3 colgada sin gran impacto de la sala de prensa, en un momento determinado de la comparecencia previa al partido de ma\u00f1ana contra el Levante. Se le cuestion\u00f3 a V\u00edctor Fern\u00e1ndez c\u00f3mo piensa plantear su trabajo en el futuro pr\u00f3ximo y el entrenador solt\u00f3 un enigm\u00e1tico o <a class=\"read-more\" href=\"https:\/\/principesdeparis.es\/principes\/victor-ya-veremos-donde-estoy-la-proxima-temporada\/\">Sigue leyendo<\/a><\/p>\n","protected":false},"author":2,"featured_media":14778,"comment_status":"open","ping_status":"open","sticky":false,"template":"","format":"standard","meta":{"footnotes":""},"categories":[13,1],"tags":[],"class_list":["post-14777","post","type-post","status-publish","format-standard","has-post-thumbnail","hentry","category-publicidad","category-real-zaragoza"],"_links":{"self":[{"href":"https:\/\/principesdeparis.es\/principes\/wp-json\/wp\/v2\/posts\/14777","targetHints":{"allow":["GET"]}}],"collection":[{"href":"https:\/\/principesdeparis.es\/principes\/wp-json\/wp\/v2\/posts"}],"about":[{"href":"https:\/\/principesdeparis.es\/principes\/wp-json\/wp\/v2\/types\/post"}],"author":[{"embeddable":true,"href":"https:\/\/principesdeparis.es\/principes\/wp-json\/wp\/v2\/users\/2"}],"replies":[{"embeddable":true,"href":"https:\/\/principesdeparis.es\/principes\/wp-json\/wp\/v2\/comments?post=14777"}],"version-history":[{"count":10,"href":"https:\/\/principesdeparis.es\/principes\/wp-json\/wp\/v2\/posts\/14777\/revisions"}],"predecessor-version":[{"id":14788,"href":"https:\/\/principesdeparis.es\/principes\/wp-json\/wp\/v2\/posts\/14777\/revisions\/14788"}],"wp:featuredmedia":[{"embeddable":true,"href":"https:\/\/principesdeparis.es\/principes\/wp-json\/wp\/v2\/media\/14778"}],"wp:attachment":[{"href":"https:\/\/principesdeparis.es\/principes\/wp-json\/wp\/v2\/media?parent=14777"}],"wp:term":[{"taxonomy":"category","embeddable":true,"href":"https:\/\/principesdeparis.es\/principes\/wp-json\/wp\/v2\/categories?post=14777"},{"taxonomy":"post_tag","embeddable":true,"href":"https:\/\/principesdeparis.es\/principes\/wp-json\/wp\/v2\/tags?post=14777"}],"curies":[{"name":"wp","href":"https:\/\/api.w.org\/{rel}","templated":true}]}}