{"id":14808,"date":"2024-04-07T16:47:51","date_gmt":"2024-04-07T16:47:51","guid":{"rendered":"https:\/\/principesdeparis.es\/principes\/?p=14808"},"modified":"2024-04-07T16:47:51","modified_gmt":"2024-04-07T16:47:51","slug":"victor-fernandez-casi-el-peor-pero-el-mejor","status":"publish","type":"post","link":"https:\/\/principesdeparis.es\/principes\/victor-fernandez-casi-el-peor-pero-el-mejor\/","title":{"rendered":"V\u00edctor Fern\u00e1ndez,  casi el peor pero &#8216;el mejor&#8217;"},"content":{"rendered":"<p>Sigue V\u00edctor Fern\u00e1ndez subido en la opini\u00f3n alada de los medios de comunicaci\u00f3n seducidos por\u00a0 su pasado y su futuro, informando sobre un presente subjetivo con m\u00e1scara de la objetividad que otorgan las siempre cuestionables sensaciones. El entrenador zaragozano ha sumado cuatro puntos de doce posibles en los cuatro partidos que ha dirigido desde que cogi\u00f3 el testigo de un Julio Vel\u00e1zquez abonado a la derrota que, sin embargo, el empezar su aventura en el Real Zaragoza en lugar de Fran Escrib\u00e1 derrot\u00f3, despu\u00e9s de caer en su debut en Albacete, al l\u00edder Legan\u00e9s con su sistema de tres centrales y empat\u00f3 fuera con el Espanyol y con el Amorebieta en el mismo n\u00famero de jornadas. Sumaba, por tanto, un punto m\u00e1s. En el cat\u00e1logo de entrenadores revulsivos, Escrib\u00e1 relev\u00f3 la temporada pasada a Juan Carlos Carcedo y cosech\u00f3\u00a0 tres igualadas y un triunfo frente al Ibiza. Salvo Iv\u00e1n Mart\u00ednez, el propio V\u00edctor en su primera experiencia en Segunda, JIM, Agn\u00e9, L\u00e1inez, Popovic y V\u00edctor Mu\u00f1oz presentaban mejores n\u00fameros, mientras que Alcaraz y Carreras consiguieron los mismos. El conjunto aragon\u00e9s se ha echado hacia delante con un t\u00e9cnico que antepone su credo a la configuraci\u00f3n real de las plantillas, que por lo general han favorecido su atrevimiento. Este equipo que ha cogido no le gusta, como ya ha manifestado en varias ocasiones, y en cuanto tiene la oportunidad lo recuerda no sin antes darle una capa de elogios relativos a la actitud, la profesionalidad y el buen rollo.<\/p>\n<p>Es cierto que frente al Tenerife, al que se gole\u00f3, y contra el Levante, frente al que se perdi\u00f3, el Real Zaragoza ha tenido un aire superior no sin cometer graves errores defensivos y pisando el \u00e1rea rival con m\u00e1s asiduidad, una pujanza atacante que contra Espanyol y sobre todo Mirand\u00e9s durmieron el mismo sue\u00f1o que con los entrenadores precedentes. Algunos futbolistas dieron o recuperaron su mejor versi\u00f3n en el Ciutat de Valencia, otro detalle que habla bien en su intento de certificar la permanencia lo antes posible y sin agobios. Las impresiones que dejaron Escrib\u00e1 y Vel\u00e1zquez en sus respectivos estrenos se ensalzaron con el s\u00f3lido argumento de los resultados. V\u00edctor Fern\u00e1ndez, al que habr\u00e1 que enjuiciar con mayor perspectiva cuando finalice la campa\u00f1a, tiene mejor prensa, que escarba con especial \u00e9nfasis en la cierta median\u00eda del vestuario procurando sobrevolar sobre si el manejo del mismo es el adecuado con el nuevo inquilino.\u00a0 Que Mouri\u00f1o haya sido bautizado de lateral apenas se cuestiona pese a que el uruguayo se le vea especialmente inc\u00f3modo en esa posici\u00f3n. Que Bakis tenga pasaporte de titular aun siendo su estado de forma una l\u00e1stima y que se desplace a Az\u00f3n a la banda en labores de doble carrilero cuando viene de marcar tampoco ha provocado cr\u00edtica alguna. Del ostracismo de G\u00e1mez, ni mu. \u00bfUna victoria en tres encuentros? A otra cosa mariposa.\u00a0 V\u00edctor Fern\u00e1ndez, por ahora, es casi el peor apagafuegos de estos \u00faltimos once a\u00f1os, pero \u00a1ay de aquel que cuestione que es <em>el mejor!\u00a0<\/em>Es esta premeditada o r\u00fastica tesitura medi\u00e1tica, lo que golea son las sensaciones y las entretenidas ruedas de prensa. Si el ejercicio que viene le ponen un equipo con buen pie hasta del utillero, ascender\u00e1 ayer.<\/p>\n","protected":false},"excerpt":{"rendered":"<p>Sigue V\u00edctor Fern\u00e1ndez subido en la opini\u00f3n alada de los medios de comunicaci\u00f3n seducidos por\u00a0 su pasado y su futuro, informando sobre un presente subjetivo con m\u00e1scara de la objetividad que otorgan las siempre cuestionables sensaciones. El entrenador zaragozano ha sumado cuatro puntos de doce posibles en los cuatro partidos <a class=\"read-more\" href=\"https:\/\/principesdeparis.es\/principes\/victor-fernandez-casi-el-peor-pero-el-mejor\/\">Sigue leyendo<\/a><\/p>\n","protected":false},"author":2,"featured_media":14813,"comment_status":"open","ping_status":"open","sticky":false,"template":"","format":"standard","meta":{"footnotes":""},"categories":[13,1],"tags":[],"class_list":["post-14808","post","type-post","status-publish","format-standard","has-post-thumbnail","hentry","category-publicidad","category-real-zaragoza"],"_links":{"self":[{"href":"https:\/\/principesdeparis.es\/principes\/wp-json\/wp\/v2\/posts\/14808","targetHints":{"allow":["GET"]}}],"collection":[{"href":"https:\/\/principesdeparis.es\/principes\/wp-json\/wp\/v2\/posts"}],"about":[{"href":"https:\/\/principesdeparis.es\/principes\/wp-json\/wp\/v2\/types\/post"}],"author":[{"embeddable":true,"href":"https:\/\/principesdeparis.es\/principes\/wp-json\/wp\/v2\/users\/2"}],"replies":[{"embeddable":true,"href":"https:\/\/principesdeparis.es\/principes\/wp-json\/wp\/v2\/comments?post=14808"}],"version-history":[{"count":5,"href":"https:\/\/principesdeparis.es\/principes\/wp-json\/wp\/v2\/posts\/14808\/revisions"}],"predecessor-version":[{"id":14814,"href":"https:\/\/principesdeparis.es\/principes\/wp-json\/wp\/v2\/posts\/14808\/revisions\/14814"}],"wp:featuredmedia":[{"embeddable":true,"href":"https:\/\/principesdeparis.es\/principes\/wp-json\/wp\/v2\/media\/14813"}],"wp:attachment":[{"href":"https:\/\/principesdeparis.es\/principes\/wp-json\/wp\/v2\/media?parent=14808"}],"wp:term":[{"taxonomy":"category","embeddable":true,"href":"https:\/\/principesdeparis.es\/principes\/wp-json\/wp\/v2\/categories?post=14808"},{"taxonomy":"post_tag","embeddable":true,"href":"https:\/\/principesdeparis.es\/principes\/wp-json\/wp\/v2\/tags?post=14808"}],"curies":[{"name":"wp","href":"https:\/\/api.w.org\/{rel}","templated":true}]}}