{"id":14824,"date":"2024-04-10T15:41:21","date_gmt":"2024-04-10T15:41:21","guid":{"rendered":"https:\/\/principesdeparis.es\/principes\/?p=14824"},"modified":"2024-04-10T17:55:30","modified_gmt":"2024-04-10T17:55:30","slug":"comunicado-de-principes-de-paris","status":"publish","type":"post","link":"https:\/\/principesdeparis.es\/principes\/comunicado-de-principes-de-paris\/","title":{"rendered":"Comunicado de Pr\u00edncipes de Paris"},"content":{"rendered":"<p>Pr\u00edncipes de Paris es un blog sin \u00e1nimo de lucro que naci\u00f3 en febrero de 2021 por la iniciativa del periodista Alfonso Hern\u00e1ndez y que ha recibido 300.000 visitas en sus tres a\u00f1os de vida, convirti\u00e9ndose en un modesto pero solicitado nicho de la informaci\u00f3n y sobre todo opini\u00f3n del d\u00eda a d\u00eda del Real Zaragoza. La principal, por no decir \u00fanica pretensi\u00f3n de esta p\u00e1gina, es la de aportar el enfoque particular de un profesional sobre lo que acontece en el club, con el objetivo de que el lector disponga de una opci\u00f3n m\u00e1s para elegir dentro del amplio abanico de propuestas que se le ofertan en la prensa tradicional y en la combatiente. Este comunicado, una herramienta in\u00e9dita hasta la fecha en este espacio y que seguramente no volver\u00e1 a utilizarse, se emite como consecuencia de los ataques que est\u00e1 recibiendo el editor de la web en las redes sociales, no as\u00ed en el seno del blog, donde el clima de respeto es absoluto. Lamentamos profundamente tener que perder el tiempo en un asunto que consideramos min\u00fasculo a nivel personal, pero al ser las redes nuestro nexo de uni\u00f3n entre los contenidos y el p\u00fablico que accede a ellos, entendemos que debemos explicar el porqu\u00e9 de ese peque\u00f1o, repentino, intenso y por lo general an\u00f3nimo bombardeo hacia la figura del periodista y, por lo tanto, del blog y de sus visitantes.<\/p>\n<p>El detonante fue una cr\u00edtica sobre lo que a\u00fan consideramos una sobreactuaci\u00f3n de V\u00edctor Fern\u00e1ndez en su presentaci\u00f3n y de lo poco conveniente que fuera una vez m\u00e1s entrenador del Real Zaragoza. Las simpat\u00edas y la adoraci\u00f3n que concentra el t\u00e9cnico aragon\u00e9s por su dilatada y rica trayectoria por encima de cualquier lugar en el club aragon\u00e9s, desat\u00f3 una fuerte y dura reacci\u00f3n contra ese art\u00edculo y su autor. La respuesta, no as\u00ed muchas de las formas de manifestarse, s\u00f3lo podemos aceptarla como parte de un estado de libertad de expresi\u00f3n y como necesario punto de reflexi\u00f3n en cuanto a lo redactado. La otra arma, en este caso ruin y oportunista, lanzada contra Pr\u00edncipes de Par\u00eds, es el archiconocido cari\u00f1o que Alfonso Hern\u00e1ndez tiene por el Athletic y que para sus distintos directores en el Peri\u00f3dico de Arag\u00f3n, lectores y para la afici\u00f3n zaragocista jam\u00e1s ha interferido en su honestidad a la hora de relatar tres d\u00e9cadas del Real Zaragoza y los cientos de personajes que lo han transitado. Lo lamentable de este intento de desprestigio, por otra parte bald\u00edo, es que en ese grup\u00fasculo miserable aparezca alg\u00fan excompa\u00f1ero suyo de mesa (al que ense\u00f1amos la profesi\u00f3n e incluso a escribir correctamente) y otros periodistas en activo (unos cuantos aragoneses, no pocos, hinchas ac\u00e9rrimos de otros equipos distintos al Real Zaragoza sin que lo hagan p\u00fablico por cobard\u00eda o pudor territorial) esparciendo veneno y poca categor\u00eda humana.<\/p>\n<p>Pr\u00edncipes de Paris continuar\u00e1 adelante con humildad pero sin bajar la guardia en la b\u00fasqueda la verdad y el placer de estar al servicio de todo aquel que, est\u00e9 de acuerdo o no con lo publicado, visite esta casa, una de las muchas que componen la magn\u00edfica arquitectura del club aragon\u00e9s. Si hemos decidido recurrir a esta v\u00eda ha sido por defender ante todo a los lectores del blog, porque es a ellos a quienes se pretende confundir con mensajes directamente engendrados en la mezquindad, en el lado m\u00e1s oscuro de una redes sociales empleadas para cuitas personales. Tenemos la fortuna de contar con un flujo de visitantes suficientemente elevado en inteligencia y valores, y ser\u00e1n s\u00f3lo ellos quienes decidan cu\u00e1ndo ha acabado nuestro recorrido. Gracias.<\/p>\n","protected":false},"excerpt":{"rendered":"<p>Pr\u00edncipes de Paris es un blog sin \u00e1nimo de lucro que naci\u00f3 en febrero de 2021 por la iniciativa del periodista Alfonso Hern\u00e1ndez y que ha recibido 300.000 visitas en sus tres a\u00f1os de vida, convirti\u00e9ndose en un modesto pero solicitado nicho de la informaci\u00f3n y sobre todo opini\u00f3n del <a class=\"read-more\" href=\"https:\/\/principesdeparis.es\/principes\/comunicado-de-principes-de-paris\/\">Sigue leyendo<\/a><\/p>\n","protected":false},"author":2,"featured_media":14825,"comment_status":"open","ping_status":"open","sticky":false,"template":"","format":"standard","meta":{"footnotes":""},"categories":[13,1],"tags":[],"class_list":["post-14824","post","type-post","status-publish","format-standard","has-post-thumbnail","hentry","category-publicidad","category-real-zaragoza"],"_links":{"self":[{"href":"https:\/\/principesdeparis.es\/principes\/wp-json\/wp\/v2\/posts\/14824","targetHints":{"allow":["GET"]}}],"collection":[{"href":"https:\/\/principesdeparis.es\/principes\/wp-json\/wp\/v2\/posts"}],"about":[{"href":"https:\/\/principesdeparis.es\/principes\/wp-json\/wp\/v2\/types\/post"}],"author":[{"embeddable":true,"href":"https:\/\/principesdeparis.es\/principes\/wp-json\/wp\/v2\/users\/2"}],"replies":[{"embeddable":true,"href":"https:\/\/principesdeparis.es\/principes\/wp-json\/wp\/v2\/comments?post=14824"}],"version-history":[{"count":2,"href":"https:\/\/principesdeparis.es\/principes\/wp-json\/wp\/v2\/posts\/14824\/revisions"}],"predecessor-version":[{"id":14827,"href":"https:\/\/principesdeparis.es\/principes\/wp-json\/wp\/v2\/posts\/14824\/revisions\/14827"}],"wp:featuredmedia":[{"embeddable":true,"href":"https:\/\/principesdeparis.es\/principes\/wp-json\/wp\/v2\/media\/14825"}],"wp:attachment":[{"href":"https:\/\/principesdeparis.es\/principes\/wp-json\/wp\/v2\/media?parent=14824"}],"wp:term":[{"taxonomy":"category","embeddable":true,"href":"https:\/\/principesdeparis.es\/principes\/wp-json\/wp\/v2\/categories?post=14824"},{"taxonomy":"post_tag","embeddable":true,"href":"https:\/\/principesdeparis.es\/principes\/wp-json\/wp\/v2\/tags?post=14824"}],"curies":[{"name":"wp","href":"https:\/\/api.w.org\/{rel}","templated":true}]}}