{"id":14828,"date":"2024-04-11T08:11:35","date_gmt":"2024-04-11T08:11:35","guid":{"rendered":"https:\/\/principesdeparis.es\/principes\/?p=14828"},"modified":"2024-04-11T08:11:35","modified_gmt":"2024-04-11T08:11:35","slug":"pintamos-lo-que-pichorras-en-pastriz","status":"publish","type":"post","link":"https:\/\/principesdeparis.es\/principes\/pintamos-lo-que-pichorras-en-pastriz\/","title":{"rendered":"Pintamos lo que Pichorras en Pastriz"},"content":{"rendered":"<p>Estamos asistiendo a una serie de acontecimientos que marcan el poder de quienes manejan los medios de comunicaci\u00f3n. De reventar los programas de radio y televisi\u00f3n con el \u00abpiquito\u00bb de Rubiales, la canci\u00f3n \u00abZorras\u00bb elegida para Eurovisi\u00f3n, el \u00abcaso Bego\u00f1a\u00bb, la incorporaci\u00f3n de Broncano a RTVE, la uni\u00f3n de PP con PSOE para votar a favor de la regularizaci\u00f3n de medio mill\u00f3n de inmigrantes ilegales, el postureo inconsciente de unos y de otros sobre la guerra entre Israel y Palestina o la independencia de Catalu\u00f1a asegurada por los independentistas, son asuntos utilizados para que la opini\u00f3n p\u00fablica se radicalice y los problemas pol\u00edticos, econ\u00f3micos y sociales de este pa\u00eds pasen a un segundo plano. Lo mismo ocurre con el f\u00fatbol en las alturas de Primera Divisi\u00f3n o en las profundidades de Segunda, se llame como se llame publicitariamente. O surgen nombres de futbolistas que supuestamente tiene fichados el Real Zaragoza o se producen las amenazas de V\u00edctor Fern\u00e1ndez con su continuidad en la rueda de prensa previa al partido contra el Levante. Incluso se habla de un nuevo director general que es el asesor presidencial de Jorge Mas en Miami despu\u00e9s de quince a\u00f1os en el Celta.<\/p>\n<p>El club apenas aporta informaci\u00f3n m\u00e1s all\u00e1 de las comparecencias de jugadores y t\u00e9cnico, im\u00e1genes de los entrenamientos, presencia de miembros de la plantilla en la tienda del Real Zaragoza en la calle Alfonso fotografi\u00e1ndose con los aficionados o cumplea\u00f1os de exfutbolistas blanquillos. Cuando no es la transmisi\u00f3n a trav\u00e9s de su canal de YouTube de la presentaci\u00f3n de la Nueva Romareda por el arquitecto de IDOM C\u00e9sar Azc\u00e1rate sin respuesta pr\u00e1cticamente por parte de la oposici\u00f3n pol\u00edtica y despu\u00e9s de la derrota en Valencia. Los due\u00f1os de radios, televisiones y peri\u00f3dicos forman grupos compactos que se encuentran en todos los asuntos de inter\u00e9s econ\u00f3mico. En Zaragoza y en el resto de Espa\u00f1a, porque las ciudades sin importancia pol\u00edtica por la poblaci\u00f3n de su territorio auton\u00f3mico o su dependencia de los l\u00edderes nacionales son como las emisoras locales, ofrecen su informaci\u00f3n en las desconexiones de la cadena y entran con cuentagotas en los informativos o programas a nivel nacional. Pintamos lo que Pichorras en Pastriz y aunque no lo asumimos nos lo dicen todos los d\u00edas.<\/p>\n","protected":false},"excerpt":{"rendered":"<p>Estamos asistiendo a una serie de acontecimientos que marcan el poder de quienes manejan los medios de comunicaci\u00f3n. De reventar los programas de radio y televisi\u00f3n con el \u00abpiquito\u00bb de Rubiales, la canci\u00f3n \u00abZorras\u00bb elegida para Eurovisi\u00f3n, el \u00abcaso Bego\u00f1a\u00bb, la incorporaci\u00f3n de Broncano a RTVE, la uni\u00f3n de PP <a class=\"read-more\" href=\"https:\/\/principesdeparis.es\/principes\/pintamos-lo-que-pichorras-en-pastriz\/\">Sigue leyendo<\/a><\/p>\n","protected":false},"author":3,"featured_media":14829,"comment_status":"open","ping_status":"open","sticky":false,"template":"","format":"standard","meta":{"footnotes":""},"categories":[16,13],"tags":[],"class_list":["post-14828","post","type-post","status-publish","format-standard","has-post-thumbnail","hentry","category-el10","category-publicidad"],"_links":{"self":[{"href":"https:\/\/principesdeparis.es\/principes\/wp-json\/wp\/v2\/posts\/14828","targetHints":{"allow":["GET"]}}],"collection":[{"href":"https:\/\/principesdeparis.es\/principes\/wp-json\/wp\/v2\/posts"}],"about":[{"href":"https:\/\/principesdeparis.es\/principes\/wp-json\/wp\/v2\/types\/post"}],"author":[{"embeddable":true,"href":"https:\/\/principesdeparis.es\/principes\/wp-json\/wp\/v2\/users\/3"}],"replies":[{"embeddable":true,"href":"https:\/\/principesdeparis.es\/principes\/wp-json\/wp\/v2\/comments?post=14828"}],"version-history":[{"count":1,"href":"https:\/\/principesdeparis.es\/principes\/wp-json\/wp\/v2\/posts\/14828\/revisions"}],"predecessor-version":[{"id":14830,"href":"https:\/\/principesdeparis.es\/principes\/wp-json\/wp\/v2\/posts\/14828\/revisions\/14830"}],"wp:featuredmedia":[{"embeddable":true,"href":"https:\/\/principesdeparis.es\/principes\/wp-json\/wp\/v2\/media\/14829"}],"wp:attachment":[{"href":"https:\/\/principesdeparis.es\/principes\/wp-json\/wp\/v2\/media?parent=14828"}],"wp:term":[{"taxonomy":"category","embeddable":true,"href":"https:\/\/principesdeparis.es\/principes\/wp-json\/wp\/v2\/categories?post=14828"},{"taxonomy":"post_tag","embeddable":true,"href":"https:\/\/principesdeparis.es\/principes\/wp-json\/wp\/v2\/tags?post=14828"}],"curies":[{"name":"wp","href":"https:\/\/api.w.org\/{rel}","templated":true}]}}