{"id":14842,"date":"2024-04-13T11:38:31","date_gmt":"2024-04-13T11:38:31","guid":{"rendered":"https:\/\/principesdeparis.es\/principes\/?p=14842"},"modified":"2024-04-13T11:38:31","modified_gmt":"2024-04-13T11:38:31","slug":"victor-pide-mas-corazon-que-futbol-frente-al-exuberante-elche","status":"publish","type":"post","link":"https:\/\/principesdeparis.es\/principes\/victor-pide-mas-corazon-que-futbol-frente-al-exuberante-elche\/","title":{"rendered":"V\u00edctor pide m\u00e1s coraz\u00f3n que f\u00fatbol frente al \u00abexuberante\u00bb Elche"},"content":{"rendered":"<p><strong>Otra final:<\/strong> \u00abExiste una necesidad de puntos y esta es la primera oportunidad. En casa es donde debemos hacernos fuertes y donde podemos conseguir nuestro objetivo. Les he dicho a los jugadores que s\u00f3lo podemos mirar hacia el triunfo dando el cien por cien y siendo un equipo porque nos enfrentamos al rival con m\u00e1s exuberancia de la categor\u00eda. El \u00fanico camino es el trabajo colectivo para neutralizar el potencial del Elche\u00bb.<\/p>\n<p><strong>En el camino:<\/strong> \u00abEl pasado domingo el equipo tuvo respuesta y reacci\u00f3n despu\u00e9s de dos bofetadas al principio y al final. Hay mucha m\u00e1s seguridad con la pelota, pero hay que sumar m\u00e1s en cuanto a aportaci\u00f3n en el campo. No me sirven los medio jugadores, sino los que defienden y atacan. El Elche es un equipo muy poderoso. Pueden aplastarte por f\u00fatbol porque tiene muchos registros. Disfrutas vi\u00e9ndolo jugar, uno de los pocos. Ellos, sin embargo, tienen sus necesidades y sus deficiencias, al igual que nosotros, que intentaremos no mostrarlas. La balanza est\u00e1 equilibrada en responsabilidad con objetivos diferentes\u00bb.<\/p>\n<p><strong>Qu\u00e9 partido espera:<\/strong> \u00abEstamos en el camino correcto. El Elche es el equipo con m\u00e1s posesi\u00f3n, que m\u00e1s corre y m\u00e1s aceleraciones tiene. Queremos la pelota y consiste, en que el tiempo que la tengamos, saber detectar d\u00f3nde est\u00e1 el peligro y emplearnos con agresividad. Y ser muy resolutivos en nuestra \u00e1rea. En estos momentos de la temporada, el que m\u00e1s quiere es el que m\u00e1s posibilidades tiene de ganar. Ya no vale s\u00f3lo el f\u00fatbol, sino que importa a\u00fan m\u00e1s el coraz\u00f3n\u00bb,<\/p>\n<p><strong>D\u00f3nde estar\u00e1 la pr\u00f3xima temporada:<\/strong> \u00abLo \u00fanico que debe preocuparnos a todos es salvar la categor\u00eda. Es lo que hay que focalizar. Luego hacer la planificaci\u00f3n correcta. S\u00f3lo pienso en el hoy, eso quise decir con esa frase\u00bb.<\/p>\n<p><strong>Bermejo:<\/strong> \u00abBusc\u00f3 un protagonismo en el Elche que no ten\u00eda aqu\u00ed. Me gusta, aunque parezca que no, porque tambi\u00e9n despliega un buen trabajo defensivo. Pero ahora pertenece a otro equipo\u00bb.<\/p>\n<p><strong>Valera:<\/strong> \u00abGerm\u00e1n tiene que aportar m\u00e1s. Con pase y gol, pero le pido de todo y debe darnos todo, como el resto de sus compa\u00f1eros. Necesitamos crecer a nivel individual y colectivo. Valera tiene que mejorar el partido que hizo con el Levante, que fue muy bueno\u00bb.<\/p>\n<p><strong>Bad\u00eda ante el Elche:<\/strong> \u00abA nivel personal no lo hemos trabajado. No hay necesidad. Es un chico con muchas batallas en sus manos y tiene un grado de madurez para saber cu\u00e1l es su responsabilidad este domingo. Est\u00e1 igual de sereno que en cualquier otro encuentro. No me da se\u00f1ales de preocupaci\u00f3n\u00bb.<\/p>\n<p><strong>Bakis:<\/strong> \u00abDar\u00eda muchas cosas porque no marcara y gan\u00e1ramos. Para m\u00ed el jugador importante es el Real Zaragoza. Ahora, si tuviera que elegir lo har\u00eda con Bakis para que alcanzara el punto de confianza que est\u00e1 consiguiendo poco a poco. Para \u00e9l ser\u00eda un empuj\u00f3n total\u00bb.<\/p>\n<p><strong>Cuatro porteros:<\/strong> \u00abLlevo tres y entra Cristian, que estar\u00e1 con Bad\u00eda y Poussin\u00bb.<\/p>\n<p><strong>El playoff con el Elche:<\/strong> \u00abNi me acordaba esta ma\u00f1ana. Mi \u00fanica mirada est\u00e1 puesta en el \u00e9xito de este domingo, en la victoria\u00bb.<\/p>\n<p><strong>Toni Moya:<\/strong> \u00abD\u00e1ndole continuidad y el espacio adecuado se encuentra m\u00e1s c\u00f3modo. El estilo del equipo le favorece. Deber\u00eda insistir en el golpeo de media y larga distancia porque tiene un gran disparo\u00bb.<\/p>\n","protected":false},"excerpt":{"rendered":"<p>Otra final: \u00abExiste una necesidad de puntos y esta es la primera oportunidad. En casa es donde debemos hacernos fuertes y donde podemos conseguir nuestro objetivo. Les he dicho a los jugadores que s\u00f3lo podemos mirar hacia el triunfo dando el cien por cien y siendo un equipo porque nos <a class=\"read-more\" href=\"https:\/\/principesdeparis.es\/principes\/victor-pide-mas-corazon-que-futbol-frente-al-exuberante-elche\/\">Sigue leyendo<\/a><\/p>\n","protected":false},"author":2,"featured_media":14843,"comment_status":"open","ping_status":"open","sticky":false,"template":"","format":"standard","meta":{"footnotes":""},"categories":[13,1],"tags":[],"class_list":["post-14842","post","type-post","status-publish","format-standard","has-post-thumbnail","hentry","category-publicidad","category-real-zaragoza"],"_links":{"self":[{"href":"https:\/\/principesdeparis.es\/principes\/wp-json\/wp\/v2\/posts\/14842","targetHints":{"allow":["GET"]}}],"collection":[{"href":"https:\/\/principesdeparis.es\/principes\/wp-json\/wp\/v2\/posts"}],"about":[{"href":"https:\/\/principesdeparis.es\/principes\/wp-json\/wp\/v2\/types\/post"}],"author":[{"embeddable":true,"href":"https:\/\/principesdeparis.es\/principes\/wp-json\/wp\/v2\/users\/2"}],"replies":[{"embeddable":true,"href":"https:\/\/principesdeparis.es\/principes\/wp-json\/wp\/v2\/comments?post=14842"}],"version-history":[{"count":1,"href":"https:\/\/principesdeparis.es\/principes\/wp-json\/wp\/v2\/posts\/14842\/revisions"}],"predecessor-version":[{"id":14844,"href":"https:\/\/principesdeparis.es\/principes\/wp-json\/wp\/v2\/posts\/14842\/revisions\/14844"}],"wp:featuredmedia":[{"embeddable":true,"href":"https:\/\/principesdeparis.es\/principes\/wp-json\/wp\/v2\/media\/14843"}],"wp:attachment":[{"href":"https:\/\/principesdeparis.es\/principes\/wp-json\/wp\/v2\/media?parent=14842"}],"wp:term":[{"taxonomy":"category","embeddable":true,"href":"https:\/\/principesdeparis.es\/principes\/wp-json\/wp\/v2\/categories?post=14842"},{"taxonomy":"post_tag","embeddable":true,"href":"https:\/\/principesdeparis.es\/principes\/wp-json\/wp\/v2\/tags?post=14842"}],"curies":[{"name":"wp","href":"https:\/\/api.w.org\/{rel}","templated":true}]}}