{"id":14855,"date":"2024-04-14T12:48:45","date_gmt":"2024-04-14T12:48:45","guid":{"rendered":"https:\/\/principesdeparis.es\/principes\/?p=14855"},"modified":"2024-04-14T13:30:37","modified_gmt":"2024-04-14T13:30:37","slug":"cuenca-descerraja-al-san-juan","status":"publish","type":"post","link":"https:\/\/principesdeparis.es\/principes\/cuenca-descerraja-al-san-juan\/","title":{"rendered":"Cuenca descerraja al San Juan"},"content":{"rendered":"<p style=\"text-align: center;\"><em><strong>El delantero marca los tres goles de una victoria (3-0) que naci\u00f3 en un penalti detenido por Ac\u00edn y que afianza al Deportivo Arag\u00f3n en un playoff a\u00fan m\u00e1s pr\u00f3ximo tras la derrota del Alav\u00e9s B<\/strong><\/em><\/p>\n<p>El resultado habla de un triunfo c\u00f3modo y de un protagonista casi \u00fanico. Fue as\u00ed en la segunda parte, pero no en un primer cap\u00edtulo que el Deportivo Arag\u00f3n, que perdi\u00f3 a Vallejo por lesi\u00f3n, no interpret\u00f3 bien pese a contar con ocasiones y el dominio que le concedi\u00f3 el San Juan con su r\u00edgido amurallamiento t\u00e1ctico. El centro del campo, con Vacas excesivamente incrustado entre sus centrales y Juan L\u00f3pez, Conte y Arag\u00fces sin apenas luz interior, intent\u00f3 sorprender a la espalda de los navarros con pases profundos y cambios de orientaci\u00f3n para la incorporaci\u00f3n de los jugadores exteriores. Sin embargo, el partido sonaba met\u00e1lico, con mejores intenciones que decisiones, por lo general precipitadas. La defensa del equipo de Emilio Larraz se vio amenazada por esa grieta en la medular y por las prolongaciones del rival tras recuperaci\u00f3n, hasta que Juan Sebasti\u00e1n abus\u00f3 de confianza en un duelo dentro del \u00e1rea y cometi\u00f3 penalti en el minuto 22. Ac\u00edn colabor\u00f3 a enderezar una historia que se podr\u00eda haber complicado tras un t\u00edmido lanzamiento de Lalinde que el portero adivin\u00f3.<\/p>\n<p>La reacci\u00f3n fue inmediata, pero no lleg\u00f3 por la v\u00eda prevista, sino por un bal\u00f3n que Ma\u00f1as reba\u00f1\u00f3 con astucia desde el suelo en el eje de la poblada zaga del San Juan para asistir a Cuenca en el inicio del encuentro perfecto para el 9 del filial. Cuenca defini\u00f3 por bajo y arranc\u00f3 su espect\u00e1culo de ariete oportunista y con una elevada clarividencia en la finalizaci\u00f3n. Su compa\u00f1ero de aventuras, Ma\u00f1as, quiso sumarse a la fiesta y cont\u00f3 con varias oportunidades antes y despu\u00e9s de la goleada, pero se qued\u00f3 sin premio. No obstante, su actuaci\u00f3n fue de las que hay que valorar desde una perspectiva global, y fue m\u00e1s que notable en un trabajo de desgaste feroz sin caer jam\u00e1s en la depresi\u00f3n de la falta de punter\u00eda. Larraz, no demasiado feliz pese a la ventaja, dej\u00f3 a Juan L\u00f3pez en el vestuario y eligi\u00f3 a Pablo Cort\u00e9s para imprimir a la pelota tacto y control, lo que se tradujo en una mejor gesti\u00f3n de los centrocampista, sobre todo de un Arag\u00fces m\u00e1s liberado, frente a un contrario obligado a estirarse y a abrir filas.<\/p>\n<p>Una poderosa incorporaci\u00f3n de Juan Sebasti\u00e1n como interior acab\u00f3 en un tiro no muy ortodoxo que cogi\u00f3 camino hacia ninguna parte, un territorio al que Cuenca dio sentido embocando el segundo tanto en el minuto 55. El Deportivo Arag\u00f3n, entonces s\u00ed, naveg\u00f3 a su antojo contra un conjunto que en su lucha por la salvaci\u00f3n ven\u00eda de una excelente racha y se hab\u00eda atrincherado en la Ciudad Deportiva para prolongarla. Un mal rechace de la defensa navarra fue atacado por Cuenca con una t\u00e9cnica perfecta de golpeo para establecer el 3-0 definitivo y rubricar su triple acierto en media hora. Fue el futbolista m\u00e1s valioso con diferencia y no s\u00f3lo por su tino. Ma\u00f1as se qued\u00f3 a la sombra del reconocimiento oficial, pero, como Ac\u00edn, jug\u00f3 un papel primordial en un triunfo que, unida a la derrota del Alav\u00e9s B en su feudo ante el Arenas de Getxo, afianza a\u00fan m\u00e1s al conjunto de Emilio Larraz en el playoff de ascenso a falta de cinco partidos para el final de la competici\u00f3n.<\/p>\n<blockquote class=\"twitter-tweet\">\n<p lang=\"es\" dir=\"ltr\"> \u00a1Golito de  para poner por delante al equipo! <a href=\"https:\/\/t.co\/ttlh5Fjhih\">https:\/\/t.co\/ttlh5Fjhih<\/a> <a href=\"https:\/\/t.co\/LMPIIMk5jj\">pic.twitter.com\/LMPIIMk5jj<\/a><\/p>\n<p>&mdash; Cantera Real Zaragoza (@RZcantera) <a href=\"https:\/\/twitter.com\/RZcantera\/status\/1779460382366556325?ref_src=twsrc%5Etfw\">April 14, 2024<\/a><\/p><\/blockquote>\n<p> <script async src=\"https:\/\/platform.twitter.com\/widgets.js\" charset=\"utf-8\"><\/script><\/p>\n<blockquote class=\"twitter-tweet\">\n<p lang=\"es\" dir=\"ltr\">Decisivo, Guille <a href=\"https:\/\/t.co\/KbItLHJZSF\">https:\/\/t.co\/KbItLHJZSF<\/a> <a href=\"https:\/\/t.co\/Srhr9sSTEd\">pic.twitter.com\/Srhr9sSTEd<\/a><\/p>\n<p>&mdash; Cantera Real Zaragoza (@RZcantera) <a href=\"https:\/\/twitter.com\/RZcantera\/status\/1779458000064745704?ref_src=twsrc%5Etfw\">April 14, 2024<\/a><\/p><\/blockquote>\n<p> <script async src=\"https:\/\/platform.twitter.com\/widgets.js\" charset=\"utf-8\"><\/script><\/p>\n","protected":false},"excerpt":{"rendered":"<p>El delantero marca los tres goles de una victoria (3-0) que naci\u00f3 en un penalti detenido por Ac\u00edn y que afianza al Deportivo Arag\u00f3n en un playoff a\u00fan m\u00e1s pr\u00f3ximo tras la derrota del Alav\u00e9s B El resultado habla de un triunfo c\u00f3modo y de un protagonista casi \u00fanico. Fue <a class=\"read-more\" href=\"https:\/\/principesdeparis.es\/principes\/cuenca-descerraja-al-san-juan\/\">Sigue leyendo<\/a><\/p>\n","protected":false},"author":2,"featured_media":14856,"comment_status":"open","ping_status":"open","sticky":false,"template":"","format":"standard","meta":{"footnotes":""},"categories":[15,13],"tags":[],"class_list":["post-14855","post","type-post","status-publish","format-standard","has-post-thumbnail","hentry","category-otros-temas","category-publicidad"],"_links":{"self":[{"href":"https:\/\/principesdeparis.es\/principes\/wp-json\/wp\/v2\/posts\/14855","targetHints":{"allow":["GET"]}}],"collection":[{"href":"https:\/\/principesdeparis.es\/principes\/wp-json\/wp\/v2\/posts"}],"about":[{"href":"https:\/\/principesdeparis.es\/principes\/wp-json\/wp\/v2\/types\/post"}],"author":[{"embeddable":true,"href":"https:\/\/principesdeparis.es\/principes\/wp-json\/wp\/v2\/users\/2"}],"replies":[{"embeddable":true,"href":"https:\/\/principesdeparis.es\/principes\/wp-json\/wp\/v2\/comments?post=14855"}],"version-history":[{"count":2,"href":"https:\/\/principesdeparis.es\/principes\/wp-json\/wp\/v2\/posts\/14855\/revisions"}],"predecessor-version":[{"id":14858,"href":"https:\/\/principesdeparis.es\/principes\/wp-json\/wp\/v2\/posts\/14855\/revisions\/14858"}],"wp:featuredmedia":[{"embeddable":true,"href":"https:\/\/principesdeparis.es\/principes\/wp-json\/wp\/v2\/media\/14856"}],"wp:attachment":[{"href":"https:\/\/principesdeparis.es\/principes\/wp-json\/wp\/v2\/media?parent=14855"}],"wp:term":[{"taxonomy":"category","embeddable":true,"href":"https:\/\/principesdeparis.es\/principes\/wp-json\/wp\/v2\/categories?post=14855"},{"taxonomy":"post_tag","embeddable":true,"href":"https:\/\/principesdeparis.es\/principes\/wp-json\/wp\/v2\/tags?post=14855"}],"curies":[{"name":"wp","href":"https:\/\/api.w.org\/{rel}","templated":true}]}}