{"id":14861,"date":"2024-04-14T15:27:22","date_gmt":"2024-04-14T15:27:22","guid":{"rendered":"https:\/\/principesdeparis.es\/principes\/?p=14861"},"modified":"2024-04-14T15:57:12","modified_gmt":"2024-04-14T15:57:12","slug":"victor-insiste-en-el-mismo-once-para-un-partido-que-ha-aumentado-su-exigencia","status":"publish","type":"post","link":"https:\/\/principesdeparis.es\/principes\/victor-insiste-en-el-mismo-once-para-un-partido-que-ha-aumentado-su-exigencia\/","title":{"rendered":"V\u00edctor insiste en el mismo once para un partido que ha aumentado su exigencia"},"content":{"rendered":"<p>Por tercer encuentro consecutivo, en su quinto partido al frente del Real Zaragoza, V\u00edctor Fern\u00e1ndez repite alineaci\u00f3n, una decisi\u00f3n que el t\u00e9cnico toma para intentar que el equipo se vaya reconociendo a s\u00ed mismo al margen de que los resultados no hayan sido los mejores y de que la situaci\u00f3n se haya complicado mucho m\u00e1s de lo que estaba cuando el t\u00e9cnico se hizo cargo del conjunto aragon\u00e9s. La victoria de anoche del Amorebieta en el Ciutat de Valencia frente al Levante (1-2) ha revolucionado la parte baja de la tabla, que antes de que se dispute el enfrentamiento ante el Elche sit\u00faa al Real Zaragoza a s\u00f3lo cuatro puntos del descenso, l\u00ednea fronteriza que vuelve a ocupar los vizca\u00ednos con 37 puntos tras el empate del Mirand\u00e9s en Oviedo (1-1). La necesidad de ganar ha subido en su cotizaci\u00f3n en la persecuci\u00f3n de la permanencia en esta cita en La Romareda que se jugar\u00e1 contra uno de los aspirantes al ascenso pese a que sume tres derrotas consecutivas en las \u00faltimas jornadas.<\/p>\n<p>El margen con algunos de los clubes que parec\u00edan condenados al descenso se va estrechando, futo de marcadores nada extra\u00f1os a estas alturas del campeonato, cuando las medias tintas sirven de poco y hay que asumir todos los riesgos posibles. El Real Zaragoza &#8211;es lo que quiere su t\u00e9cnico&#8211; deber\u00eda sumarse a esa tendencia cuanto antes, este mismo domingo, pero habr\u00e1 que comprobar en qu\u00e9 medida el equipo es capaz de trasladar sus buenas intenciones al marcador. No hay cambios en el once a la espera de saber si Mesa o Az\u00f3n se asocian con Bakis, elegido m\u00e1s por eliminaci\u00f3n que por fe en su capacidad goleadora, nula hasta el momento, en el delantero de referencia.<\/p>\n<p>Las sensaciones, tan buenas como se pretenden justificar, carecen de un continuismo en las diferentes jornadas. V\u00edctor dice que es el camino, pero cuando no le traiciona el ataque, lo m\u00e1s habitual, lo hace la defensa. Es cierto que los futbolistas han entendido su mensaje, como se comprob\u00f3 contra el Tenerife y el Levante, si bien sus ideas est\u00e1n muy condicionadas a un grupo que no se sabe bien por d\u00f3nde saldr\u00e1 cada fin de semana. El Elche le va a examinar con sus armas, poderosas como se comprob\u00f3 en la ida, aunque el Real Zaragoza cargar\u00e1 en esta ocasi\u00f3n con un lastre psicol\u00f3gico inesperado, la proximidad de rivales que tambi\u00e9n quieren seguir en Segunda la pr\u00f3xima temporada. Est\u00e1 obligado a la perfecci\u00f3n dentro de sus posibilidades, que pueden o no ser suficientes en funci\u00f3n tambi\u00e9n de c\u00f3mo se tome el encuentro un Elche muy apurado.<\/p>\n<p>La alineaci\u00f3n del Elche<\/p>\n<blockquote class=\"twitter-tweet\">\n<p dir=\"ltr\" lang=\"en\">\u00a1Nuestro ! <a href=\"https:\/\/twitter.com\/hashtag\/RealZaragozaElche?src=hash&amp;ref_src=twsrc%5Etfw\">#RealZaragozaElche<\/a> | <a href=\"https:\/\/twitter.com\/hashtag\/MuchoElche?src=hash&amp;ref_src=twsrc%5Etfw\">#MuchoElche<\/a> <a href=\"https:\/\/t.co\/zEuZ4uCNF6\">pic.twitter.com\/zEuZ4uCNF6<\/a><\/p>\n<p>\u2014 Elche Club de F\u00fatbol (@elchecf) <a href=\"https:\/\/twitter.com\/elchecf\/status\/1779534452143583344?ref_src=twsrc%5Etfw\">April 14, 2024<\/a><\/p><\/blockquote>\n<p><script async src=\"https:\/\/platform.twitter.com\/widgets.js\" charset=\"utf-8\"><\/script><\/p>\n","protected":false},"excerpt":{"rendered":"<p>Por tercer encuentro consecutivo, en su quinto partido al frente del Real Zaragoza, V\u00edctor Fern\u00e1ndez repite alineaci\u00f3n, una decisi\u00f3n que el t\u00e9cnico toma para intentar que el equipo se vaya reconociendo a s\u00ed mismo al margen de que los resultados no hayan sido los mejores y de que la situaci\u00f3n <a class=\"read-more\" href=\"https:\/\/principesdeparis.es\/principes\/victor-insiste-en-el-mismo-once-para-un-partido-que-ha-aumentado-su-exigencia\/\">Sigue leyendo<\/a><\/p>\n","protected":false},"author":2,"featured_media":14862,"comment_status":"open","ping_status":"open","sticky":false,"template":"","format":"standard","meta":{"footnotes":""},"categories":[13,1],"tags":[],"class_list":["post-14861","post","type-post","status-publish","format-standard","has-post-thumbnail","hentry","category-publicidad","category-real-zaragoza"],"_links":{"self":[{"href":"https:\/\/principesdeparis.es\/principes\/wp-json\/wp\/v2\/posts\/14861","targetHints":{"allow":["GET"]}}],"collection":[{"href":"https:\/\/principesdeparis.es\/principes\/wp-json\/wp\/v2\/posts"}],"about":[{"href":"https:\/\/principesdeparis.es\/principes\/wp-json\/wp\/v2\/types\/post"}],"author":[{"embeddable":true,"href":"https:\/\/principesdeparis.es\/principes\/wp-json\/wp\/v2\/users\/2"}],"replies":[{"embeddable":true,"href":"https:\/\/principesdeparis.es\/principes\/wp-json\/wp\/v2\/comments?post=14861"}],"version-history":[{"count":11,"href":"https:\/\/principesdeparis.es\/principes\/wp-json\/wp\/v2\/posts\/14861\/revisions"}],"predecessor-version":[{"id":14873,"href":"https:\/\/principesdeparis.es\/principes\/wp-json\/wp\/v2\/posts\/14861\/revisions\/14873"}],"wp:featuredmedia":[{"embeddable":true,"href":"https:\/\/principesdeparis.es\/principes\/wp-json\/wp\/v2\/media\/14862"}],"wp:attachment":[{"href":"https:\/\/principesdeparis.es\/principes\/wp-json\/wp\/v2\/media?parent=14861"}],"wp:term":[{"taxonomy":"category","embeddable":true,"href":"https:\/\/principesdeparis.es\/principes\/wp-json\/wp\/v2\/categories?post=14861"},{"taxonomy":"post_tag","embeddable":true,"href":"https:\/\/principesdeparis.es\/principes\/wp-json\/wp\/v2\/tags?post=14861"}],"curies":[{"name":"wp","href":"https:\/\/api.w.org\/{rel}","templated":true}]}}