{"id":14932,"date":"2024-04-20T18:03:30","date_gmt":"2024-04-20T18:03:30","guid":{"rendered":"https:\/\/principesdeparis.es\/principes\/?p=14932"},"modified":"2024-04-20T18:51:29","modified_gmt":"2024-04-20T18:51:29","slug":"fran-gamez-sienta-a-jair-y-liso-a-bakis","status":"publish","type":"post","link":"https:\/\/principesdeparis.es\/principes\/fran-gamez-sienta-a-jair-y-liso-a-bakis\/","title":{"rendered":"Llu\u00eds L\u00f3pez sienta a Jair, G\u00e1mez entra por Valera y Liso saca del once a Bakis"},"content":{"rendered":"<p>Tres novedades importantes en los nombres y en las intenciones, que rompen de cuajo con la idea que tra\u00eda V\u00edctor Fern\u00e1ndez y que ha puesto en pr\u00e1ctica hasta este encuentro frente al Huesca en El Alcoraz . La paciencia se ha acabado con Bakis, a quien el t\u00e9cnico le ten\u00eda en el altar desde la titularidad desde que lleg\u00f3, y su lugar en la alineaci\u00f3n lo ocupar\u00e1 Adri\u00e1n Liso, que en los minutos que ha disfrutado ha demostrado al menos m\u00e1s predisposici\u00f3n. En la defensa, Llu\u00eds L\u00f3pez vuelve junto a Franc\u00e9s frente a las bajas prestaciones que estaban ofreciendo Jair desde que se produjo su renovaci\u00f3n. La otra l\u00ednea que sufre un golpe de estado es el centro del campo, donde G\u00e1mez actuar\u00e1 en la posici\u00f3n de Valera para doblar el carril por delante de Mouri\u00f1o.<\/p>\n<p>V\u00edctor, pese a insistir en que deb\u00eda recuperar a Bakis sobre el terreno, ha considerado que cinco con oportunidades para un delantero que no marca son suficientes, como se lo record\u00f3 la afici\u00f3n frente al Elche. La responsabilidad ofensiva recae, como casi siempre, en Az\u00f3n y Mesa, que suman 13 tantos entre ambos y que ofrece como garant\u00eda a\u00f1adida le incombustible\u00a0 disposici\u00f3n del aragon\u00e9s para el combate. Los malos momentos m\u00e1s que una u otra estrategia han pasado factura a Jair y Valera. El portugu\u00e9s se ha ido desinflando con estr\u00e9pito y el extremo ha jugado su partido particular, con un exceso de ansiedad y nula aportaci\u00f3n atacante. G\u00e1mez no deja de ser un nuevo experimento, sobre todo porque era un futbolista que en su puesto hab\u00eda sido relegado a la suplencia por el entrenador.<\/p>\n<p>El Real Zaragoza prueba cosas nueva en El Alcoraz en la b\u00fasqueda de una permanencia que le amenaza sin ahogarle pero advirti\u00e9ndole de que no se descuide lo m\u00e1s m\u00ednimo. El Huesca tiene el mismo objetivo pero lo afronta en una din\u00e1mica de mayor naturalidad, en un estadio a rebosar y con un plan que le est\u00e1 funcionando muy bien desde que Antonio Hidalgo se hizo cargo del conjunto oscense. El t\u00e9cnico podr\u00e1 contar finalmente con Gerard Valent\u00edn, cuyo tobillo le hecho ser duda hasta el \u00faltimo segundo al tratarse de una de las pocas herramientas que ofrecen profundidad y desborde al p\u00e9treo y homog\u00e9neo Huesca. Hidalgo tambi\u00e9n presenta tres cambios en referencia a la \u00faltima visita a Ferrol. Nieto, Sielva y Joaqu\u00edn entran por Blasco, Hashimoto y Hugo Vallejo.<\/p>\n<p>&nbsp;<\/p>\n<p>La alineaci\u00f3n de la SD Huesca<\/p>\n<blockquote class=\"twitter-tweet\">\n<p dir=\"ltr\" lang=\"es\">ALINEACI\u00d3N | \u00a1Los nuestros!<\/p>\n<p>\u00a1As\u00ed jugar\u00e1n los de Antonio Hidalgo para el derbi!<\/p>\n<p>\u00a1, !<a href=\"https:\/\/twitter.com\/hashtag\/HuescaRealZaragoza?src=hash&amp;ref_src=twsrc%5Etfw\">#HuescaRealZaragoza<\/a> <a href=\"https:\/\/t.co\/XKnxxyu4dd\">pic.twitter.com\/XKnxxyu4dd<\/a><\/p>\n<p>\u2014 SD Huesca (@SDHuesca) <a href=\"https:\/\/twitter.com\/SDHuesca\/status\/1781741933053808946?ref_src=twsrc%5Etfw\">April 20, 2024<\/a><\/p><\/blockquote>\n<p><script async src=\"https:\/\/platform.twitter.com\/widgets.js\" charset=\"utf-8\"><\/script><\/p>\n","protected":false},"excerpt":{"rendered":"<p>Tres novedades importantes en los nombres y en las intenciones, que rompen de cuajo con la idea que tra\u00eda V\u00edctor Fern\u00e1ndez y que ha puesto en pr\u00e1ctica hasta este encuentro frente al Huesca en El Alcoraz . La paciencia se ha acabado con Bakis, a quien el t\u00e9cnico le ten\u00eda <a class=\"read-more\" href=\"https:\/\/principesdeparis.es\/principes\/fran-gamez-sienta-a-jair-y-liso-a-bakis\/\">Sigue leyendo<\/a><\/p>\n","protected":false},"author":2,"featured_media":14933,"comment_status":"open","ping_status":"open","sticky":false,"template":"","format":"standard","meta":{"footnotes":""},"categories":[13,1],"tags":[],"class_list":["post-14932","post","type-post","status-publish","format-standard","has-post-thumbnail","hentry","category-publicidad","category-real-zaragoza"],"_links":{"self":[{"href":"https:\/\/principesdeparis.es\/principes\/wp-json\/wp\/v2\/posts\/14932","targetHints":{"allow":["GET"]}}],"collection":[{"href":"https:\/\/principesdeparis.es\/principes\/wp-json\/wp\/v2\/posts"}],"about":[{"href":"https:\/\/principesdeparis.es\/principes\/wp-json\/wp\/v2\/types\/post"}],"author":[{"embeddable":true,"href":"https:\/\/principesdeparis.es\/principes\/wp-json\/wp\/v2\/users\/2"}],"replies":[{"embeddable":true,"href":"https:\/\/principesdeparis.es\/principes\/wp-json\/wp\/v2\/comments?post=14932"}],"version-history":[{"count":13,"href":"https:\/\/principesdeparis.es\/principes\/wp-json\/wp\/v2\/posts\/14932\/revisions"}],"predecessor-version":[{"id":14946,"href":"https:\/\/principesdeparis.es\/principes\/wp-json\/wp\/v2\/posts\/14932\/revisions\/14946"}],"wp:featuredmedia":[{"embeddable":true,"href":"https:\/\/principesdeparis.es\/principes\/wp-json\/wp\/v2\/media\/14933"}],"wp:attachment":[{"href":"https:\/\/principesdeparis.es\/principes\/wp-json\/wp\/v2\/media?parent=14932"}],"wp:term":[{"taxonomy":"category","embeddable":true,"href":"https:\/\/principesdeparis.es\/principes\/wp-json\/wp\/v2\/categories?post=14932"},{"taxonomy":"post_tag","embeddable":true,"href":"https:\/\/principesdeparis.es\/principes\/wp-json\/wp\/v2\/tags?post=14932"}],"curies":[{"name":"wp","href":"https:\/\/api.w.org\/{rel}","templated":true}]}}