{"id":14972,"date":"2024-04-22T19:21:53","date_gmt":"2024-04-22T19:21:53","guid":{"rendered":"https:\/\/principesdeparis.es\/principes\/?p=14972"},"modified":"2024-04-22T19:21:53","modified_gmt":"2024-04-22T19:21:53","slug":"la-victoria-de-la-aficion","status":"publish","type":"post","link":"https:\/\/principesdeparis.es\/principes\/la-victoria-de-la-aficion\/","title":{"rendered":"La victoria de la afici\u00f3n"},"content":{"rendered":"<p style=\"text-align: center;\"><em><strong>La pitada a Bakis contra el Elche consigui\u00f3 que V\u00edctor rectificara su ataque con la novedad de Liso por el turco, un detalle que constata que la opini\u00f3n de esta hinchada tan criticada la ampara siempre el conocimiento<\/strong><\/em><\/p>\n<p>Se siguen escuchando, de vez en cuando, voces cr\u00edticas de la afici\u00f3n contra s\u00ed misma y en demasiadas ocasiones de agentes internos y externos del club. De su frialdad, de su dureza con el equipo, de su hist\u00f3rica exigencia, del p\u00e1nico que produce a muchos futbolistas enfrentarse con el juicio de m\u00e1s de 20.000 aficionados como m\u00ednimo cada 15 d\u00edas. Esta hinchada que est\u00e1 sufriendo un considerable cambio generacional en cuanto a rejuvenecimiento, ser\u00eda la m\u00e1s indicada para organizar protestas por todo lo que considerara oportuno. Avala su malestar once temporadas consecutivas tragando sapos de todos los colores, declaraciones de directivos, jugadores y entrenadores que han cuestionado sus censuras, acentuando su falta oportunismo y lo inapropiado de alterar la sensibilidad de los futbolistas que llevan el escudo del Real Zaragoza. Por no hablafr de falsas promesas y profetas de marca blanca que le porten en el ascenso en verano y la salvaci\u00f3n en invierno. Nadie, absolutamente nadie, transporta en lo m\u00e1s profundo del coraz\u00f3n ese escudo y su sagrado significado mientras en el deporte de \u00e9lite, los profesionales besan hoy un le\u00f3n y ma\u00f1ana una camello qatar\u00ed.<\/p>\n<p>Los elogios hacia el seguidor se multiplican en p\u00fablico, pero en privado, en el seno de los vestuarios y de los despachos, el fan\u00e1tico que se deja su buen pu\u00f1ado de euros en su abono para enriquecer la vida de los millonarios, no est\u00e1 bien visto. La pitada a Sinan Bakis contra el Elche se contempl\u00f3 desde esa perspectiva de superioridad moral que suelen exhibir muchos de estos moralistas de segunda. Pero resulta que la afici\u00f3n del Real Zaragoza, la veterana y la que todav\u00eda s\u00f3lo sabe de glorias de ganar al Huesca, emite juicios elaborados por el conocimiento, jam\u00e1s por capricho o teledirigida por la animadversi\u00f3n, e intenta aportar en beneficio del equipo. Su silbido, su bronca, no va dirigido a Bakis persona, sino el futbolista y a quien se estaba empeconando en alinearle pese a su nula productividad. Todo el mundo ped\u00eda a Adri\u00e1n Liso no porque el chico hubiese dejado detalles de crack, sino porque en los minutos que se le hab\u00edan concedido por, precisamente, el buen ojo del entrenador para captarlo para la causa, hab\u00eda pisado fuerte f\u00edsica y mentalmente en ataque, justo donde s\u00f3lo se localiza la huella de Iv\u00e1n Az\u00f3n.<\/p>\n<p>El t\u00e9cnico no pudo pasar por alto primero la evidencia y despu\u00e9s que se la manifestara casi todo el estadio. La presencia de Liso en El Alcoraz result\u00f3 clave por su fresca y letal aportaci\u00f3n, desprendiendo una energ\u00eda contagiosa antes y despu\u00e9s de marcar el gol del empate, en realidad de abrir la puerta hacia el triunfo. Lo importante fueron los tres puntos en una tesitura de gran peligro, pero lo gratificante de esa victoria es que pertenece en un alto porcentaje a la afici\u00f3n, algo que en estos tiempos de desconexi\u00f3n y frialdad por parte de las propiedades hacia los inquilinos de la grada y de los sentimientos de verdad. Deber\u00eda escucharse m\u00e1s su criterio porque en definitiva los secretos del f\u00fatbol no son tantos ni tan sofisticados como nos quieren vender quienes viven de las estad\u00edsticas o del deseo de que su autor\u00eda sea mundialmente reconocida. Liso fue el brazo armado de una afici\u00f3n que no dispar\u00f3 contra Bakis como nos quieren hacer ver, sino que carg\u00f3 su solicitud de razones. Cada uno lleva un entrenador dentro. Menos mal que de vez en cuando sale a relucir.<\/p>\n<p><em>Fotograf\u00eda Real Zaragoza<\/em><\/p>\n","protected":false},"excerpt":{"rendered":"<p>La pitada a Bakis contra el Elche consigui\u00f3 que V\u00edctor rectificara su ataque con la novedad de Liso por el turco, un detalle que constata que la opini\u00f3n de esta hinchada tan criticada la ampara siempre el conocimiento Se siguen escuchando, de vez en cuando, voces cr\u00edticas de la afici\u00f3n <a class=\"read-more\" href=\"https:\/\/principesdeparis.es\/principes\/la-victoria-de-la-aficion\/\">Sigue leyendo<\/a><\/p>\n","protected":false},"author":2,"featured_media":14973,"comment_status":"open","ping_status":"open","sticky":false,"template":"","format":"standard","meta":{"footnotes":""},"categories":[13,1],"tags":[],"class_list":["post-14972","post","type-post","status-publish","format-standard","has-post-thumbnail","hentry","category-publicidad","category-real-zaragoza"],"_links":{"self":[{"href":"https:\/\/principesdeparis.es\/principes\/wp-json\/wp\/v2\/posts\/14972","targetHints":{"allow":["GET"]}}],"collection":[{"href":"https:\/\/principesdeparis.es\/principes\/wp-json\/wp\/v2\/posts"}],"about":[{"href":"https:\/\/principesdeparis.es\/principes\/wp-json\/wp\/v2\/types\/post"}],"author":[{"embeddable":true,"href":"https:\/\/principesdeparis.es\/principes\/wp-json\/wp\/v2\/users\/2"}],"replies":[{"embeddable":true,"href":"https:\/\/principesdeparis.es\/principes\/wp-json\/wp\/v2\/comments?post=14972"}],"version-history":[{"count":1,"href":"https:\/\/principesdeparis.es\/principes\/wp-json\/wp\/v2\/posts\/14972\/revisions"}],"predecessor-version":[{"id":14974,"href":"https:\/\/principesdeparis.es\/principes\/wp-json\/wp\/v2\/posts\/14972\/revisions\/14974"}],"wp:featuredmedia":[{"embeddable":true,"href":"https:\/\/principesdeparis.es\/principes\/wp-json\/wp\/v2\/media\/14973"}],"wp:attachment":[{"href":"https:\/\/principesdeparis.es\/principes\/wp-json\/wp\/v2\/media?parent=14972"}],"wp:term":[{"taxonomy":"category","embeddable":true,"href":"https:\/\/principesdeparis.es\/principes\/wp-json\/wp\/v2\/categories?post=14972"},{"taxonomy":"post_tag","embeddable":true,"href":"https:\/\/principesdeparis.es\/principes\/wp-json\/wp\/v2\/tags?post=14972"}],"curies":[{"name":"wp","href":"https:\/\/api.w.org\/{rel}","templated":true}]}}