{"id":14978,"date":"2024-04-24T08:23:42","date_gmt":"2024-04-24T08:23:42","guid":{"rendered":"https:\/\/principesdeparis.es\/principes\/?p=14978"},"modified":"2024-04-24T08:33:56","modified_gmt":"2024-04-24T08:33:56","slug":"adrian-liso-soy-una-esponja-que-me-queda-mucho-por-aprender","status":"publish","type":"post","link":"https:\/\/principesdeparis.es\/principes\/adrian-liso-soy-una-esponja-que-me-queda-mucho-por-aprender\/","title":{"rendered":"Adri\u00e1n Liso: \u00abSoy una esponja, me queda mucho por aprender\u00bb"},"content":{"rendered":"<p><strong>El gol y su efecto:<\/strong> \u00abSiempre he trabajado para estos momentos. El s\u00e1bado, en caliente, no pens\u00e9 en lo que hab\u00eda hecho, pero d\u00edas despu\u00e9s, con el paso del tiempo, lo he ido comprendiendo. Hab\u00eda marcado el d\u00eda de segunda titularidad, algo que pocos pueden decir. Es un sue\u00f1o\u00bb.<\/p>\n<p><strong>Aguant\u00f3 con una amarilla:<\/strong> \u00abCuando me sacaron la amarilla med\u00ed m\u00e1s los tiempos. Luego con el paso del encuentro se te olvida. Con centrales como Loureiro o Pulido es dif\u00edcil que no llegara el contacto, pero lo lleve bien\u00bb.<\/p>\n<p><strong>No se lo imaginaba:<\/strong> \u00abHace dos meses qui\u00e9n me iba a decir a m\u00ed que estar\u00eda aqu\u00ed. Me ha venido todo de repente, el debut, la titularidad y el gol, y es impactante para alguien tan joven como yo, con 19 a\u00f1os. El m\u00edster del filial, Emilio Larraz, ya me dijo que estuviese preparado en el caso de que se diera la oportunidad, como as\u00ed ha ocurrido\u00bb.<\/p>\n<p><strong>Posici\u00f3n:<\/strong> \u00abSoy un jugador muy de espacios, de esfuerzos y recorridos largos. Lo que quiero es seguir creciendo y aprendiendo de mis compa\u00f1eros. Me es indiferente el puesto que me asignen en los partidos. Doy el m\u00e1ximo en todas las posiciones\u00bb.<\/p>\n<p><strong>V\u00edctor Fern\u00e1ndez:<\/strong> \u00abAl principio se me he hizo raro porque la \u00faltima vez el m\u00edster estuvo aqu\u00ed yo era recogepelotas. Me dio tranquilidad y confianza, y eso siendo juvenil ayuda mucho\u00bb.<\/p>\n<p><strong>El vestuario:<\/strong> \u00abEl primer apoyo lo he recibido de los compa\u00f1eros. Est\u00e1 siendo muy llevadero, todos me apoyan, Al subir as\u00ed notas ese respaldo por parte de todos\u00bb.<\/p>\n<p><strong>Qu\u00e9 mejorar:<\/strong> \u00abSoy una esponja. Todo lo que me dicen lo intento aplicar en el campo. Tengo 19 a\u00f1os y me queda mucho por recorrer. Hay gente muy experimentada que me est\u00e1n ayudando mucho en este proceso\u00bb.<\/p>\n<p><strong>Situaci\u00f3n del equipo:<\/strong> \u00abEstamos tranquilos porque somos capaces de ir a Legan\u00e9s y ganar y hacerlo en el resto de los partidos. La confianza es muy elevada\u00bb.<\/p>\n<p><strong>Volver al filial:<\/strong> \u00abYo estoy en el club para jugar donde me digan y al cien por cien\u00bb.<\/p>\n<p><strong>La renovaci\u00f3n:<\/strong> \u00abEs el club de mi vida y de mi ciudad y quiero estar aqu\u00ed. Es una gran felicidad, algo inigualable\u00bb.<\/p>\n","protected":false},"excerpt":{"rendered":"<p>El gol y su efecto: \u00abSiempre he trabajado para estos momentos. El s\u00e1bado, en caliente, no pens\u00e9 en lo que hab\u00eda hecho, pero d\u00edas despu\u00e9s, con el paso del tiempo, lo he ido comprendiendo. Hab\u00eda marcado el d\u00eda de segunda titularidad, algo que pocos pueden decir. Es un sue\u00f1o\u00bb. Aguant\u00f3 <a class=\"read-more\" href=\"https:\/\/principesdeparis.es\/principes\/adrian-liso-soy-una-esponja-que-me-queda-mucho-por-aprender\/\">Sigue leyendo<\/a><\/p>\n","protected":false},"author":2,"featured_media":14979,"comment_status":"open","ping_status":"open","sticky":false,"template":"","format":"standard","meta":{"footnotes":""},"categories":[13,1],"tags":[],"class_list":["post-14978","post","type-post","status-publish","format-standard","has-post-thumbnail","hentry","category-publicidad","category-real-zaragoza"],"_links":{"self":[{"href":"https:\/\/principesdeparis.es\/principes\/wp-json\/wp\/v2\/posts\/14978","targetHints":{"allow":["GET"]}}],"collection":[{"href":"https:\/\/principesdeparis.es\/principes\/wp-json\/wp\/v2\/posts"}],"about":[{"href":"https:\/\/principesdeparis.es\/principes\/wp-json\/wp\/v2\/types\/post"}],"author":[{"embeddable":true,"href":"https:\/\/principesdeparis.es\/principes\/wp-json\/wp\/v2\/users\/2"}],"replies":[{"embeddable":true,"href":"https:\/\/principesdeparis.es\/principes\/wp-json\/wp\/v2\/comments?post=14978"}],"version-history":[{"count":4,"href":"https:\/\/principesdeparis.es\/principes\/wp-json\/wp\/v2\/posts\/14978\/revisions"}],"predecessor-version":[{"id":14983,"href":"https:\/\/principesdeparis.es\/principes\/wp-json\/wp\/v2\/posts\/14978\/revisions\/14983"}],"wp:featuredmedia":[{"embeddable":true,"href":"https:\/\/principesdeparis.es\/principes\/wp-json\/wp\/v2\/media\/14979"}],"wp:attachment":[{"href":"https:\/\/principesdeparis.es\/principes\/wp-json\/wp\/v2\/media?parent=14978"}],"wp:term":[{"taxonomy":"category","embeddable":true,"href":"https:\/\/principesdeparis.es\/principes\/wp-json\/wp\/v2\/categories?post=14978"},{"taxonomy":"post_tag","embeddable":true,"href":"https:\/\/principesdeparis.es\/principes\/wp-json\/wp\/v2\/tags?post=14978"}],"curies":[{"name":"wp","href":"https:\/\/api.w.org\/{rel}","templated":true}]}}