{"id":15001,"date":"2024-04-26T16:52:56","date_gmt":"2024-04-26T16:52:56","guid":{"rendered":"https:\/\/principesdeparis.es\/principes\/?p=15001"},"modified":"2024-04-27T11:05:35","modified_gmt":"2024-04-27T11:05:35","slug":"marta-cumple-su-sueno-y-llama-al-corazon-de-azon","status":"publish","type":"post","link":"https:\/\/principesdeparis.es\/principes\/marta-cumple-su-sueno-y-llama-al-corazon-de-azon\/","title":{"rendered":"Marta cumple su sue\u00f1o y llama al coraz\u00f3n de Az\u00f3n"},"content":{"rendered":"<p style=\"text-align: center;\"><em><strong>La peque\u00f1a, una incondicional aficionada de diez a\u00f1os que reside en un pueblo de Guadalajara, vivir\u00e1 su primer partido como zaragocista en Legan\u00e9s de la mano de su padre \u00c1ngel, con quien portar\u00e1 una pancarta para pedirle su camiseta al delantero como colof\u00f3n a su sue\u00f1o<\/strong><\/em><\/p>\n<p>Este s\u00e1bado en Butarque, entre los aficionados que se desplacen para ver al Real Zaragoza contra el Legan\u00e9s, habr\u00e1 una seguidora muy especial. En realidad dos, padre e hija. La protagonista es ella, Marta Alonso, porque tendr\u00e1 la oportunidad de ver un encuentro del conjunto aragon\u00e9s por primera vez en sus 10 a\u00f1os de vida, en los que su padre, \u00c1ngel, le ha transmitido su zaragocismo sin que la peque\u00f1a ponga la m\u00ednima resistencia. Al contrario, no s\u00f3lo ha ido recibiendo la abrasadora pasi\u00f3n de su progenitor, sino que con el tiempo ha hecho crecer por su cuenta esa semilla en su coraz\u00f3n. En su estuche, el fondo de pantalla de la tablet, las camisetas y sudaderas que cuelgan de un armario ruge el le\u00f3n que tanto admira y al que, por fin, va a acariciar en el sudoeste de Madrid. Cuando los futbolistas salten el campo, en la grada mostrar\u00e1 un cartel para solicitar con cari\u00f1o e inocencia la el\u00e1stica a Iv\u00e1n Az\u00f3n como recuerdo de su bautismo dentro de un relato sencillamente emotivo. \u00abIv\u00e1n, te cambio un abrazo por tu camiseta\u00bb, se leer\u00e1 en una pancarta custodiada por<em> Blanquillo<\/em>, su mascota. Porque Marta vive con su madre en Villanueva de la Torre (Guadalajara) y nunca ha estado en Zaragoza. \u00c1ngel, integrante de la pe\u00f1a Parque Goya, reside en Badajoz. Con apenas dos a\u00f1os a\u00f1os se traslad\u00f3 a M\u00e9rida con su familia desde la capital aragonesa, su lugar de nacimiento hace 45 a\u00f1os. 449 kil\u00f3metros les separan, pero el Real Zaragoza les une como puente con una fuerte estructura sentimental y asfaltado de pura y familiar complicidad.<\/p>\n<p>\u00abSoy de Zaragoza, y aunque era muy peque\u00f1o cuando me fui con mi familia a Extremadura, me dije que yo ten\u00eda que ser del club donde hab\u00eda nacido. Viajo siempre que puedo a ver al equipo y aunque se sufre muchas veces intento desplazarme en cuanto tengo tiempo. Veo muy poco a Marta, pero todos los d\u00edas estamos en contacto a trav\u00e9s de WhatsApp, y ella est\u00e1 tambi\u00e9n dentro del que tiene el club para enterarse de las noticias y todo lo que sucede, como lo de la victoria en Huesca. Lo comentamos y charlamos muy a menudo. Me lleva pidiendo hace tiempo que la lleve conmigo y le promet\u00ed que en cuanto hubiera un partido en Madrid, ir\u00edamos\u00bb, cuenta \u00c1ngel, visiblemente conmovido por este viaje inici\u00e1tico, una <em>road movie<\/em> inolvidable para ambos incluso antes poner en marcha el motor. \u00abEs como un sue\u00f1o que viva el zaragocismo como yo, en una distancia f\u00edsica que no es tal en nuestra relaci\u00f3n\u00bb. En el la escuela -estudia 5\u00ba de Primaria en el colegio Publico Gloria Fuertes&#8211; los compa\u00f1eros le censuran que no sea del Real Madrid o del Bar\u00e7a, como casi todo el mundo. \u00abYo le digo que les conteste que es muy f\u00e1cil apuntarse a los grandes, pero que el Real Zaragoza tambi\u00e9n lo es. Que ha ganado muchas Copas y que a esos clubes les hemos dado bastantes palizas. Que pronto estaremos en Primera y ah\u00ed nos quedaremos para siempre porque es nuestro lugar. Est\u00e1 de los nervios con lo de Legan\u00e9s. Me pregunta a ver si llegaremos para verlos calentar&#8230; Espero que disfrute como merece en un partido dif\u00edcil en el que ojal\u00e1 Marta sea talism\u00e1n\u00bb.<\/p>\n<p><img loading=\"lazy\" decoding=\"async\" class=\"size-medium wp-image-15005 aligncenter\" src=\"https:\/\/principesdeparis.es\/principes\/wp-content\/uploads\/2024\/04\/marta-y-padre-267x300.jpg\" alt=\"\" width=\"267\" height=\"300\" srcset=\"https:\/\/principesdeparis.es\/principes\/wp-content\/uploads\/2024\/04\/marta-y-padre-267x300.jpg 267w, https:\/\/principesdeparis.es\/principes\/wp-content\/uploads\/2024\/04\/marta-y-padre-911x1024.jpg 911w, https:\/\/principesdeparis.es\/principes\/wp-content\/uploads\/2024\/04\/marta-y-padre-768x863.jpg 768w, https:\/\/principesdeparis.es\/principes\/wp-content\/uploads\/2024\/04\/marta-y-padre-1367x1536.jpg 1367w, https:\/\/principesdeparis.es\/principes\/wp-content\/uploads\/2024\/04\/marta-y-padre-610x685.jpg 610w, https:\/\/principesdeparis.es\/principes\/wp-content\/uploads\/2024\/04\/marta-y-padre-400x449.jpg 400w, https:\/\/principesdeparis.es\/principes\/wp-content\/uploads\/2024\/04\/marta-y-padre.jpg 1536w\" sizes=\"auto, (max-width: 267px) 100vw, 267px\" \/><\/p>\n<p style=\"text-align: center;\"><strong><em>Marta con su padre \u00c1ngel<\/em><\/strong><\/p>\n<p>Le encanta el atletismo y el baloncesto y con los amigos juega al f\u00fatbol con su pelota del Real Zaragoza. Quiere formar parte de un equipo femenino. \u00abEs una ni\u00f1a superbuena, no se enfada por nada, muy cari\u00f1osa, muy aplicada y responsable como su hermana mayor Paola, de 14 a\u00f1os, y en estos a\u00f1os de separaci\u00f3n, ocho ya, no hay d\u00eda que no quiera verme. La empat\u00eda es total entre nosotros\u00bb. La otra ilusi\u00f3n de Marta es conocer Zaragoza, la tierra que su padre a\u00f1ora y visita cuando le es posible para ir, c\u00f3mo no, a La Romareda con sus amigos de la pe\u00f1a Parque Goya. Este s\u00e1bado, \u00c1ngel Alonso Escobar, quien a los 12 a\u00f1os ya estaba viendo el partido de ida de Copa en El Vivero de Badajoz con un Real Zaragoza superado por la lluvia y el barro antes de proclamarse campe\u00f3n del torneo, y Marta entrar\u00e1n en Butarque con la pancarta para reclamar la atenci\u00f3n de Az\u00f3n, pero sobre todo para experimentar una vivencia \u00fanica. Piko, as\u00ed le llamaban cuando jugaba a balonmano en M\u00e9rida con la camiseta de Pikol\u00edn y un escudo del Real Zaragoza tatuado en el gemelo, como espectador de las emociones de su hija y de la suyas propias, y Marta en su primera toma de contacto con un sue\u00f1o hecho realidad.<\/p>\n<p>\u00abLa afici\u00f3n por el Real Zaragoza me viene de mi padre. De peque\u00f1a estaba siempre frente al televisor viendo los partidos\u00a0 y a m\u00ed no me gustaba mucho, pero poco a poco me entr\u00f3 el gusanillo, escuchando tambi\u00e9n las historias del equipo, y ahora me encanta\u00bb, explica Marta. \u00abEs la primera vez que voy a un campo, y encima juega el Real Zaragoza. Estoy muy emocionada y ojal\u00e1 ganemos. Estamos en Segunda pero seguro que el a\u00f1o que viene subimos\u00bb, relata la peque\u00f1a, que ha\u00a0 hecho un esbozo de lo que quiere ser de mayor: \u00abIngeniera o profesora de Educaci\u00f3n F\u00edsica porque me gusta mucho el ejercicio\u00bb. Y jugar al f\u00fatbol \u00abde delantera o de defensa\u00bb. En el colegio\u00a0 tiene \u00abmuchos amigos, pero hay uno del Bar\u00e7a que naci\u00f3 en Madrid que me quiere picar y llama al equipo Real Cacagoza\u00bb. A ella le da igual porque \u00abnosotros tambi\u00e9n tenemos buenos futbolistas como Cristian \u00c1lvarez, Franc\u00e9s&#8230;\u00bb. Y claro, Az\u00f3n. \u00abEs mi jugador favorito. Porque es delantero y porque lucha como ninguno\u00bb. \u00c1ngel y Marta seguir\u00e1n el encuentro con su pe\u00f1a, la Zaragocista Parque Goya.<\/p>\n<p>Si Az\u00f3n atiende la llamada y le entrega su camiseta, el pr\u00f3ximo d\u00eda de clase entrar\u00e1 con la avispa por la puerta de su <em>cole<\/em> de Villanueva de la Torre, con el 9 a la espalda, y los otros ni\u00f1os comprender\u00e1n entonces lo que significa, a cientos de kil\u00f3metros pero a un solo latido de distancia, ser del Real Zaragoza, el le\u00f3n que se com\u00eda al Madrid y al Bar\u00e7a y que Marta vio por primera vez de la mano de su padre, ejemplo de orgullo y fidelidad hacia lo que se quiere sin hallar forma de explicarlo. \u00bb Si me la entrega le dir\u00e9 que muchas gracias y que le quiero much\u00edsimo\u00bb.<\/p>\n","protected":false},"excerpt":{"rendered":"<p>La peque\u00f1a, una incondicional aficionada de diez a\u00f1os que reside en un pueblo de Guadalajara, vivir\u00e1 su primer partido como zaragocista en Legan\u00e9s de la mano de su padre \u00c1ngel, con quien portar\u00e1 una pancarta para pedirle su camiseta al delantero como colof\u00f3n a su sue\u00f1o Este s\u00e1bado en Butarque, <a class=\"read-more\" href=\"https:\/\/principesdeparis.es\/principes\/marta-cumple-su-sueno-y-llama-al-corazon-de-azon\/\">Sigue leyendo<\/a><\/p>\n","protected":false},"author":2,"featured_media":15004,"comment_status":"open","ping_status":"open","sticky":false,"template":"","format":"standard","meta":{"footnotes":""},"categories":[13,1],"tags":[],"class_list":["post-15001","post","type-post","status-publish","format-standard","has-post-thumbnail","hentry","category-publicidad","category-real-zaragoza"],"_links":{"self":[{"href":"https:\/\/principesdeparis.es\/principes\/wp-json\/wp\/v2\/posts\/15001","targetHints":{"allow":["GET"]}}],"collection":[{"href":"https:\/\/principesdeparis.es\/principes\/wp-json\/wp\/v2\/posts"}],"about":[{"href":"https:\/\/principesdeparis.es\/principes\/wp-json\/wp\/v2\/types\/post"}],"author":[{"embeddable":true,"href":"https:\/\/principesdeparis.es\/principes\/wp-json\/wp\/v2\/users\/2"}],"replies":[{"embeddable":true,"href":"https:\/\/principesdeparis.es\/principes\/wp-json\/wp\/v2\/comments?post=15001"}],"version-history":[{"count":8,"href":"https:\/\/principesdeparis.es\/principes\/wp-json\/wp\/v2\/posts\/15001\/revisions"}],"predecessor-version":[{"id":15014,"href":"https:\/\/principesdeparis.es\/principes\/wp-json\/wp\/v2\/posts\/15001\/revisions\/15014"}],"wp:featuredmedia":[{"embeddable":true,"href":"https:\/\/principesdeparis.es\/principes\/wp-json\/wp\/v2\/media\/15004"}],"wp:attachment":[{"href":"https:\/\/principesdeparis.es\/principes\/wp-json\/wp\/v2\/media?parent=15001"}],"wp:term":[{"taxonomy":"category","embeddable":true,"href":"https:\/\/principesdeparis.es\/principes\/wp-json\/wp\/v2\/categories?post=15001"},{"taxonomy":"post_tag","embeddable":true,"href":"https:\/\/principesdeparis.es\/principes\/wp-json\/wp\/v2\/tags?post=15001"}],"curies":[{"name":"wp","href":"https:\/\/api.w.org\/{rel}","templated":true}]}}