{"id":15030,"date":"2024-04-27T17:59:42","date_gmt":"2024-04-27T17:59:42","guid":{"rendered":"https:\/\/principesdeparis.es\/principes\/?p=15030"},"modified":"2024-04-27T17:59:42","modified_gmt":"2024-04-27T17:59:42","slug":"detenidos-ultras-del-real-zaragoza-y-del-leganes-por-un-enfrentamiento-antes-del-partido","status":"publish","type":"post","link":"https:\/\/principesdeparis.es\/principes\/detenidos-ultras-del-real-zaragoza-y-del-leganes-por-un-enfrentamiento-antes-del-partido\/","title":{"rendered":"Detenidos ultras del Real Zaragoza y del Legan\u00e9s por un enfrentamiento antes del partido"},"content":{"rendered":"<p>Al menos siete personas han sido detenidas y otra ha resultado herida en un enfrentamiento que ultras de extrema izquierda y de extrema derecha han protagonizado este s\u00e1bado en la previa del partido de la jornada 37 de Segunda Divisi\u00f3n entre el CD Legan\u00e9s y el Real Zaragoza.<\/p>\n<p>Seg\u00fan han informado a Europa Press fuentes policiales, los incidentes han enfrentado, por un lado, a aficionados de extrema izquierda del conjunto aragon\u00e9s, y por el otro, a grupos de extrema derecha de ambos equipos, que com\u00edan juntos antes del encuentro, por lo que se tratar\u00eda de una pelea por motivos ideol\u00f3gicos y no de rivalidad deportiva.<\/p>\n<p>De acuerdo con estas fuentes, la pelea se habr\u00eda iniciado a la altura del n\u00famero 3 de la calle Roncal de Legan\u00e9s, en las proximidades del Estadio Municipal de Butarque donde se disputar\u00e1 el encuentro, concretamente en torno a una sede o local af\u00edn al grupo ultra del CD Legan\u00e9s Ghetto 28 &#8211;vinculado a la ideolog\u00eda de extrema derecha&#8211;, en la que miembros de este colectivo compart\u00edan espacio con aficionados de Ligallo, formaci\u00f3n ultra del Real Zaragoza de la misma ideolog\u00eda.<\/p>\n<p>Hasta all\u00ed habr\u00edan llegados miembros de Avispero, formaci\u00f3n de ultraizquierda de la afici\u00f3n zaragozana, seg\u00fan las mismas fuentes, y se habr\u00eda iniciado la refriega, en la que una persona ha sufrido lesiones con alguna brecha en la cabeza, mientras que al menos siete personas han sido detenidas.<\/p>\n<p><em>Informaci\u00f3n de Europa Press<\/em><\/p>\n","protected":false},"excerpt":{"rendered":"<p>Al menos siete personas han sido detenidas y otra ha resultado herida en un enfrentamiento que ultras de extrema izquierda y de extrema derecha han protagonizado este s\u00e1bado en la previa del partido de la jornada 37 de Segunda Divisi\u00f3n entre el CD Legan\u00e9s y el Real Zaragoza. Seg\u00fan han <a class=\"read-more\" href=\"https:\/\/principesdeparis.es\/principes\/detenidos-ultras-del-real-zaragoza-y-del-leganes-por-un-enfrentamiento-antes-del-partido\/\">Sigue leyendo<\/a><\/p>\n","protected":false},"author":2,"featured_media":15031,"comment_status":"open","ping_status":"open","sticky":false,"template":"","format":"standard","meta":{"footnotes":""},"categories":[13,1],"tags":[],"class_list":["post-15030","post","type-post","status-publish","format-standard","has-post-thumbnail","hentry","category-publicidad","category-real-zaragoza"],"_links":{"self":[{"href":"https:\/\/principesdeparis.es\/principes\/wp-json\/wp\/v2\/posts\/15030","targetHints":{"allow":["GET"]}}],"collection":[{"href":"https:\/\/principesdeparis.es\/principes\/wp-json\/wp\/v2\/posts"}],"about":[{"href":"https:\/\/principesdeparis.es\/principes\/wp-json\/wp\/v2\/types\/post"}],"author":[{"embeddable":true,"href":"https:\/\/principesdeparis.es\/principes\/wp-json\/wp\/v2\/users\/2"}],"replies":[{"embeddable":true,"href":"https:\/\/principesdeparis.es\/principes\/wp-json\/wp\/v2\/comments?post=15030"}],"version-history":[{"count":1,"href":"https:\/\/principesdeparis.es\/principes\/wp-json\/wp\/v2\/posts\/15030\/revisions"}],"predecessor-version":[{"id":15032,"href":"https:\/\/principesdeparis.es\/principes\/wp-json\/wp\/v2\/posts\/15030\/revisions\/15032"}],"wp:featuredmedia":[{"embeddable":true,"href":"https:\/\/principesdeparis.es\/principes\/wp-json\/wp\/v2\/media\/15031"}],"wp:attachment":[{"href":"https:\/\/principesdeparis.es\/principes\/wp-json\/wp\/v2\/media?parent=15030"}],"wp:term":[{"taxonomy":"category","embeddable":true,"href":"https:\/\/principesdeparis.es\/principes\/wp-json\/wp\/v2\/categories?post=15030"},{"taxonomy":"post_tag","embeddable":true,"href":"https:\/\/principesdeparis.es\/principes\/wp-json\/wp\/v2\/tags?post=15030"}],"curies":[{"name":"wp","href":"https:\/\/api.w.org\/{rel}","templated":true}]}}