{"id":15042,"date":"2024-04-30T08:21:49","date_gmt":"2024-04-30T08:21:49","guid":{"rendered":"https:\/\/principesdeparis.es\/principes\/?p=15042"},"modified":"2024-04-30T08:46:32","modified_gmt":"2024-04-30T08:46:32","slug":"la-temporada-puede-haberse-acabado-para-marc-aguado","status":"publish","type":"post","link":"https:\/\/principesdeparis.es\/principes\/la-temporada-puede-haberse-acabado-para-marc-aguado\/","title":{"rendered":"La temporada puede haberse acabado para Marc Aguado"},"content":{"rendered":"<p>La enfermer\u00eda del Real Zaragoza ha recibido durante toda la temporada a la mayor\u00eda de los jugadores con lesiones de diversa \u00edndole. Ha sido un goteo constante y doloroso que he impedido a los tres entrenadores que han pasado por el banquillo contar en numerosos partidos con piezas clave. En esta ocasi\u00f3n, el afectado ha sido Marc Aguado, justo cuando hab\u00eda recuperado su mejor versi\u00f3n en el centro del campo junto a Toni Moya, su habitual compa\u00f1ero en esa parcela. El futbolista est\u00e1 pendiente de evoluci\u00f3n (la recuperaci\u00f3n se estima entre 3 o 4 semanas), pero podr\u00eda perderse lo que resta de curso, cinco partidos, con el equipo a\u00fan pendiente de certificar la permanencia, tras comprobarse que sufre una lesi\u00f3n muscular a nivel del aductor largo de su pierna derecha. Las pruebas realizadas en la tarde de ayer confirmaron el alcance de su dolencia, que se le produjo en la primera parte del encuentro que enfrent\u00f3 al Real Zaragoza con el CD Legan\u00e9s el pasado s\u00e1bado y por la que tuvo que ser sustituido en el descanso por Jaume Grau. Aguado ya se perdi\u00f3 la cita en Elche de la primera vuelta por unas molestias\u00a0 en el cu\u00e1driceps . Guti, Borge, Nieto, Francho y Mollejo todav\u00eda contin\u00faan en el dique seco, con los dos \u00faltimos esperando un alta que podr\u00eda prolongarse m\u00e1s de lo esperado seg\u00fan reconoci\u00f3 el propio entrenador. Jair, Franc\u00e9s\u00a0y Maikel Mesa son los \u00fanicos de la plantilla que no se han perdido una sola jornada por problemas f\u00edsicos.<\/p>\n<p>&nbsp;<\/p>\n<p>&nbsp;<\/p>\n","protected":false},"excerpt":{"rendered":"<p>La enfermer\u00eda del Real Zaragoza ha recibido durante toda la temporada a la mayor\u00eda de los jugadores con lesiones de diversa \u00edndole. Ha sido un goteo constante y doloroso que he impedido a los tres entrenadores que han pasado por el banquillo contar en numerosos partidos con piezas clave. En <a class=\"read-more\" href=\"https:\/\/principesdeparis.es\/principes\/la-temporada-puede-haberse-acabado-para-marc-aguado\/\">Sigue leyendo<\/a><\/p>\n","protected":false},"author":2,"featured_media":15043,"comment_status":"open","ping_status":"open","sticky":false,"template":"","format":"standard","meta":{"footnotes":""},"categories":[13,1],"tags":[],"class_list":["post-15042","post","type-post","status-publish","format-standard","has-post-thumbnail","hentry","category-publicidad","category-real-zaragoza"],"_links":{"self":[{"href":"https:\/\/principesdeparis.es\/principes\/wp-json\/wp\/v2\/posts\/15042","targetHints":{"allow":["GET"]}}],"collection":[{"href":"https:\/\/principesdeparis.es\/principes\/wp-json\/wp\/v2\/posts"}],"about":[{"href":"https:\/\/principesdeparis.es\/principes\/wp-json\/wp\/v2\/types\/post"}],"author":[{"embeddable":true,"href":"https:\/\/principesdeparis.es\/principes\/wp-json\/wp\/v2\/users\/2"}],"replies":[{"embeddable":true,"href":"https:\/\/principesdeparis.es\/principes\/wp-json\/wp\/v2\/comments?post=15042"}],"version-history":[{"count":6,"href":"https:\/\/principesdeparis.es\/principes\/wp-json\/wp\/v2\/posts\/15042\/revisions"}],"predecessor-version":[{"id":15049,"href":"https:\/\/principesdeparis.es\/principes\/wp-json\/wp\/v2\/posts\/15042\/revisions\/15049"}],"wp:featuredmedia":[{"embeddable":true,"href":"https:\/\/principesdeparis.es\/principes\/wp-json\/wp\/v2\/media\/15043"}],"wp:attachment":[{"href":"https:\/\/principesdeparis.es\/principes\/wp-json\/wp\/v2\/media?parent=15042"}],"wp:term":[{"taxonomy":"category","embeddable":true,"href":"https:\/\/principesdeparis.es\/principes\/wp-json\/wp\/v2\/categories?post=15042"},{"taxonomy":"post_tag","embeddable":true,"href":"https:\/\/principesdeparis.es\/principes\/wp-json\/wp\/v2\/tags?post=15042"}],"curies":[{"name":"wp","href":"https:\/\/api.w.org\/{rel}","templated":true}]}}