{"id":15071,"date":"2024-05-05T15:34:11","date_gmt":"2024-05-05T15:34:11","guid":{"rendered":"https:\/\/principesdeparis.es\/principes\/?p=15071"},"modified":"2024-05-05T16:15:03","modified_gmt":"2024-05-05T16:15:03","slug":"tres-centrales-con-mourino-y-valera-de-lateral-zurdo","status":"publish","type":"post","link":"https:\/\/principesdeparis.es\/principes\/tres-centrales-con-mourino-y-valera-de-lateral-zurdo\/","title":{"rendered":"Vuelve Cristian y se mantienen los tres centrales con Mouri\u00f1o y Valera de lateral zurdo"},"content":{"rendered":"<p>El Real Zaragoza presenta cuatro novedades con respecto al encuentro que empat\u00f3 en Legan\u00e9s. Las m\u00e1s llamativa es la de Cristian por Bad\u00eda. El portero argentino regresa a la titularidad 26 jornadas despu\u00e9s, desde jugara contra el Eibar por \u00faltima vez el pasado mes de octubre. V\u00edctor Fern\u00e1ndez\u00a0 vuelve a incidir en los tres centrales por tercer encuentro consecutivo con la inclusi\u00f3n de Mouri\u00f1o una vez cumplido su partido de sanci\u00f3n en lugar de Jair, que se cae del once. El otro cambio en ese dibujo es la apuesta de Valera de carrilero por la izquierda en sustituci\u00f3n de Zedadka. La ausencia de Aguado por lesi\u00f3n es cubierta por Jaume Grau. Las derrotas de Villarreal B, Amorebieta y sobre todo Alcorc\u00f3n permiten al conjunto aragon\u00e9s dejar esta misma tarde sellada su permanencia virtual en caso de victoria. Esos tres puntos le elevar\u00edan a los 49 por los 41 de los alfareros, los m\u00e1s pr\u00f3ximos de los cuatro \u00faltimos. Ser\u00edan 8 de distancia a falta de 12 por disputarse.<\/p>\n<blockquote class=\"twitter-tweet\">\n<p lang=\"es\" dir=\"ltr\">\n<p>\u0301       <a href=\"https:\/\/t.co\/uGjeeF1MwZ\">pic.twitter.com\/uGjeeF1MwZ<\/a><\/p>\n<p>&mdash; Real Zaragoza  (@RealZaragoza) <a href=\"https:\/\/twitter.com\/RealZaragoza\/status\/1787149449514373477?ref_src=twsrc%5Etfw\">May 5, 2024<\/a><\/p><\/blockquote>\n<p> <script async src=\"https:\/\/platform.twitter.com\/widgets.js\" charset=\"utf-8\"><\/script><\/p>\n<p>La alineaci\u00f3n del Burgos<\/p>\n<blockquote class=\"twitter-tweet\">\n<p dir=\"ltr\" lang=\"es\">&#x2694;&#xfe0f; Nuestros once de salida en La Romareda &#x1f6e1;&#xfe0f;<\/p>\n<p>Se cae de la convocatoria Matos a \u00faltima hora por un proceso febril. <a href=\"https:\/\/twitter.com\/hashtag\/SomosBurgos?src=hash&amp;ref_src=twsrc%5Etfw\">#SomosBurgos<\/a> <a href=\"https:\/\/twitter.com\/hashtag\/RealZaragozaBurgosCF?src=hash&amp;ref_src=twsrc%5Etfw\">#RealZaragozaBurgosCF<\/a> <a href=\"https:\/\/t.co\/gwZEqDY2DI\">pic.twitter.com\/gwZEqDY2DI<\/a><\/p>\n<p>\u2014 Burgos Club de F\u00fatbol (@Burgos_CF) <a href=\"https:\/\/twitter.com\/Burgos_CF\/status\/1787141092938289416?ref_src=twsrc%5Etfw\">May 5, 2024<\/a><\/p><\/blockquote>\n<p><script async src=\"https:\/\/platform.twitter.com\/widgets.js\" charset=\"utf-8\"><\/script><\/p>\n<p>Hoy se cumplen dos a\u00f1os del fallecimiento de Violeta<\/p>\n<blockquote class=\"twitter-tweet\">\n<p lang=\"es\" dir=\"ltr\">Siempre en nuestro recuerdo, Violeta<\/p>\n<p>Hace dos a\u00f1os que nos dejaste, pero tu glorioso legado es eterno <a href=\"https:\/\/t.co\/t2g8BkQA4u\">pic.twitter.com\/t2g8BkQA4u<\/a><\/p>\n<p>&mdash; Real Zaragoza &#x1f981; (@RealZaragoza) <a href=\"https:\/\/twitter.com\/RealZaragoza\/status\/1787048589786800303?ref_src=twsrc%5Etfw\">May 5, 2024<\/a><\/p><\/blockquote>\n<p> <script async src=\"https:\/\/platform.twitter.com\/widgets.js\" charset=\"utf-8\"><\/script><\/p>\n","protected":false},"excerpt":{"rendered":"<p>El Real Zaragoza presenta cuatro novedades con respecto al encuentro que empat\u00f3 en Legan\u00e9s. Las m\u00e1s llamativa es la de Cristian por Bad\u00eda. El portero argentino regresa a la titularidad 26 jornadas despu\u00e9s, desde jugara contra el Eibar por \u00faltima vez el pasado mes de octubre. V\u00edctor Fern\u00e1ndez\u00a0 vuelve a <a class=\"read-more\" href=\"https:\/\/principesdeparis.es\/principes\/tres-centrales-con-mourino-y-valera-de-lateral-zurdo\/\">Sigue leyendo<\/a><\/p>\n","protected":false},"author":2,"featured_media":15073,"comment_status":"open","ping_status":"open","sticky":false,"template":"","format":"standard","meta":{"footnotes":""},"categories":[13,1],"tags":[],"class_list":["post-15071","post","type-post","status-publish","format-standard","has-post-thumbnail","hentry","category-publicidad","category-real-zaragoza"],"_links":{"self":[{"href":"https:\/\/principesdeparis.es\/principes\/wp-json\/wp\/v2\/posts\/15071","targetHints":{"allow":["GET"]}}],"collection":[{"href":"https:\/\/principesdeparis.es\/principes\/wp-json\/wp\/v2\/posts"}],"about":[{"href":"https:\/\/principesdeparis.es\/principes\/wp-json\/wp\/v2\/types\/post"}],"author":[{"embeddable":true,"href":"https:\/\/principesdeparis.es\/principes\/wp-json\/wp\/v2\/users\/2"}],"replies":[{"embeddable":true,"href":"https:\/\/principesdeparis.es\/principes\/wp-json\/wp\/v2\/comments?post=15071"}],"version-history":[{"count":9,"href":"https:\/\/principesdeparis.es\/principes\/wp-json\/wp\/v2\/posts\/15071\/revisions"}],"predecessor-version":[{"id":15081,"href":"https:\/\/principesdeparis.es\/principes\/wp-json\/wp\/v2\/posts\/15071\/revisions\/15081"}],"wp:featuredmedia":[{"embeddable":true,"href":"https:\/\/principesdeparis.es\/principes\/wp-json\/wp\/v2\/media\/15073"}],"wp:attachment":[{"href":"https:\/\/principesdeparis.es\/principes\/wp-json\/wp\/v2\/media?parent=15071"}],"wp:term":[{"taxonomy":"category","embeddable":true,"href":"https:\/\/principesdeparis.es\/principes\/wp-json\/wp\/v2\/categories?post=15071"},{"taxonomy":"post_tag","embeddable":true,"href":"https:\/\/principesdeparis.es\/principes\/wp-json\/wp\/v2\/tags?post=15071"}],"curies":[{"name":"wp","href":"https:\/\/api.w.org\/{rel}","templated":true}]}}