{"id":15097,"date":"2024-05-07T13:48:18","date_gmt":"2024-05-07T13:48:18","guid":{"rendered":"https:\/\/principesdeparis.es\/principes\/?p=15097"},"modified":"2024-05-07T13:48:23","modified_gmt":"2024-05-07T13:48:23","slug":"badia-y-lo-que-nunca-debes-hacer","status":"publish","type":"post","link":"https:\/\/principesdeparis.es\/principes\/badia-y-lo-que-nunca-debes-hacer\/","title":{"rendered":"Bad\u00eda y lo que nunca debes hacer"},"content":{"rendered":"<p style=\"text-align: center;\"><em><strong>El regreso de Cristian despu\u00e9s de seis meses y medio de baja en lugar del portero catal\u00e1n en un partido vital fue un tremendo sinsentido de un cuerpo t\u00e9cnico que est\u00e1 acelerando la desorientaci\u00f3n del equipo<\/strong><\/em><\/p>\n<p>La noticia cogi\u00f3 a todo el mundo por sorpresa. Cristian \u00c1lvarez, seis meses y medio ausente de los terrenos de juego por lesi\u00f3n, aparec\u00eda en la alineaci\u00f3n contra el Burgos. \u00bfPor qu\u00e9? No ha habido respuestas hasta el momento. Desde que vino cedido por el Elche, Edgar Bad\u00eda hab\u00eda defendido la porter\u00eda con seguridad, cierta jerarqu\u00eda y sin cometer fallo alguno que se le pueda achacar en exclusiva. El meta catal\u00e1n hab\u00eda cerrado la considerable herida que se produjo con la lesi\u00f3n del argentino, los pueriles errores de Poussin y las pocas garant\u00edas que ofrece Rebollo. El tema parec\u00eda zanjado y m\u00e1s con la permanencia a\u00fan pendiente. Ni siquiera la recuperaci\u00f3n del rosarino, \u00eddolo de primera dimensi\u00f3n de lo aficionados, hab\u00eda encontrado voces que le reclamaran, consciente todo el mundo de que ese puesto requiere la m\u00e1xima actividad sobre todo en un momento tan delicado. Pero V\u00edctor Fern\u00e1ndez y sus hombres de confianza decidieron ir contracorriente. Ni siquiera la hipot\u00e9tica vuelta de Bad\u00eda al Elche al final del pr\u00e9stamo justificar\u00eda su salida del once, ya que el Real Zaragoza se mueve en un presente de urgencias y peligro, y debe recurrir a sus mejores argumentos.<\/p>\n<p>Cualquier entrenador de nivel C, con los datos en la mano y guiado por los conceptos m\u00e1s b\u00e1sicos de la l\u00f3gica, hubiera mantenido el status quo en la porter\u00eda, pero el cuerpo t\u00e9cnico actual desoy\u00f3 uno de los primeros mandamientos de este deporte. Ni David Navarro ni Javi Su\u00e1rez advirtieron a V\u00edctor de lo arriesgado de ese cambio, injustificable en todos los sentidos, incluida la ascendencia de Cristian en el vestuario y la influencia psicol\u00f3gica que podr\u00eda tener en sus compa\u00f1eros, tan hu\u00e9rfanos de l\u00edderes. El futbolista, sin embargo, sabe cu\u00e1ndo algo chirr\u00eda, y aunque nunca se sabr\u00e1, el efecto de jefatura que se buscaba seguramente produjera cierto recelo. La cuesti\u00f3n es que en los tres goles encajados Cristian no tuvo responsabilidad alguna. Pero no ese el caso, sino la inconsciencia, aun con la mejor de las intenciones, de experimentar dentro de un laboratorio donde cada ensayo acaba explot\u00e1ndole en la cara al Real Zaragoza. En los cuatro partidos que restan puede ocurrir cualquier cosa porque el cuerpo t\u00e9cnico, en lugar de mover lo menos posible este \u00e1rbol sin frutos y muy castigado por las lesiones, est\u00e1 acelerando la desorientaci\u00f3n del equipo. Bad\u00eda deber\u00eda volver en Oviedo primero porque es el guardameta en el estado m\u00e1s adecuado para competir, y segundo porque lo contrario ser\u00eda exponer al conjunto aragon\u00e9s y al propio Cristian cuando es rotundamente innecesario.<\/p>\n<p>V\u00edctor Fern\u00e1ndez y sus ayudantes bucean a oscuras en la b\u00fasqueda de soluciones. La de Bad\u00eda no ven\u00eda a cuento. Al principio se consider\u00f3 que Sinan Bakis, reci\u00e9n dado de alta, ten\u00eda que ser el ariete de la reacci\u00f3n. El turco no estaba ni para un par de carreras, pero se insisti\u00f3 en su titularidad hasta que la evidencia, no marcaba un gol ni aportaba nada, se impuso por aplastamiento. Lo de Mouri\u00f1o de lateral derecho roz\u00f3 el esperpento, y a Jair, irreconocible, lo mantuvieron durante cuatro jornadas hasta que se fue el banco en El Alcoraz. Entre la agitaci\u00f3n, las bajas y la deserci\u00f3n de alg\u00fan miembro de la plantilla, se dio con la tecla de Adri\u00e1n Liso, sin duda el gran acierto frente al abismal vac\u00edo ofensivo. En el \u00e1rea estrat\u00e9gica, el dibujo de los tres centrales nunca dio sensaci\u00f3n de movimiento clave por la ausencia de futbolistas espec\u00edficos para abrir el campo, profundizar y centrar con m\u00e1s criterio que espinilla. El triunfo en Huesca y el empate en Butaque invitaron a una continuidad contra el Burgos que desvel\u00f3 la fragilidad del sistema. \u00bfJugar\u00e1 Bad\u00eda en el Carlos Tartiere? La ruleta se detendr\u00e1 el domingo.<\/p>\n","protected":false},"excerpt":{"rendered":"<p>El regreso de Cristian despu\u00e9s de seis meses y medio de baja en lugar del portero catal\u00e1n en un partido vital fue un tremendo sinsentido de un cuerpo t\u00e9cnico que est\u00e1 acelerando la desorientaci\u00f3n del equipo La noticia cogi\u00f3 a todo el mundo por sorpresa. Cristian \u00c1lvarez, seis meses y <a class=\"read-more\" href=\"https:\/\/principesdeparis.es\/principes\/badia-y-lo-que-nunca-debes-hacer\/\">Sigue leyendo<\/a><\/p>\n","protected":false},"author":2,"featured_media":15099,"comment_status":"open","ping_status":"open","sticky":false,"template":"","format":"standard","meta":{"footnotes":""},"categories":[13,1],"tags":[],"class_list":["post-15097","post","type-post","status-publish","format-standard","has-post-thumbnail","hentry","category-publicidad","category-real-zaragoza"],"_links":{"self":[{"href":"https:\/\/principesdeparis.es\/principes\/wp-json\/wp\/v2\/posts\/15097","targetHints":{"allow":["GET"]}}],"collection":[{"href":"https:\/\/principesdeparis.es\/principes\/wp-json\/wp\/v2\/posts"}],"about":[{"href":"https:\/\/principesdeparis.es\/principes\/wp-json\/wp\/v2\/types\/post"}],"author":[{"embeddable":true,"href":"https:\/\/principesdeparis.es\/principes\/wp-json\/wp\/v2\/users\/2"}],"replies":[{"embeddable":true,"href":"https:\/\/principesdeparis.es\/principes\/wp-json\/wp\/v2\/comments?post=15097"}],"version-history":[{"count":1,"href":"https:\/\/principesdeparis.es\/principes\/wp-json\/wp\/v2\/posts\/15097\/revisions"}],"predecessor-version":[{"id":15098,"href":"https:\/\/principesdeparis.es\/principes\/wp-json\/wp\/v2\/posts\/15097\/revisions\/15098"}],"wp:featuredmedia":[{"embeddable":true,"href":"https:\/\/principesdeparis.es\/principes\/wp-json\/wp\/v2\/media\/15099"}],"wp:attachment":[{"href":"https:\/\/principesdeparis.es\/principes\/wp-json\/wp\/v2\/media?parent=15097"}],"wp:term":[{"taxonomy":"category","embeddable":true,"href":"https:\/\/principesdeparis.es\/principes\/wp-json\/wp\/v2\/categories?post=15097"},{"taxonomy":"post_tag","embeddable":true,"href":"https:\/\/principesdeparis.es\/principes\/wp-json\/wp\/v2\/tags?post=15097"}],"curies":[{"name":"wp","href":"https:\/\/api.w.org\/{rel}","templated":true}]}}