{"id":15104,"date":"2024-05-08T12:25:39","date_gmt":"2024-05-08T12:25:39","guid":{"rendered":"https:\/\/principesdeparis.es\/principes\/?p=15104"},"modified":"2024-05-08T12:25:39","modified_gmt":"2024-05-08T12:25:39","slug":"cristian-nunca-pense-en-la-retirada","status":"publish","type":"post","link":"https:\/\/principesdeparis.es\/principes\/cristian-nunca-pense-en-la-retirada\/","title":{"rendered":"Cristian: \u00abNunca pens\u00e9 en la retirada\u00bb"},"content":{"rendered":"<p><strong>C\u00f3mo se vio en el regreso:<\/strong> \u00abNo fue el regreso so\u00f1ado, desde luego. La nota positiva es que acab\u00e9 f\u00edsicamente bien y esta semana he vuelto a entrenarme cargado de ilusi\u00f3n\u00bb.<\/p>\n<p><strong>La derrota:<\/strong> \u00abEs normal estar preocupado despu\u00e9s de 1-3 en La Romareda en un partido que pod\u00eda alejarnos de la zona complicada. Preocupa c\u00f3mo se dio el resultado, abultado. Las cartas salieron de esta manera y estamos ya reseteados\u00bb.<\/p>\n<p><strong>La inactividad:<\/strong> \u00abLo viv\u00ed con muchos estados an\u00edmicos. Momentos de ilusi\u00f3n de verme cerca de volver a estar cerca del grupo, viendo al equipo desde fuera en una situaci\u00f3n que no es f\u00e1cil, con reca\u00eddas y con tanta inactividad por primera vez en mi carrera. He sentido muchas cosas, pero me ha dejado un gran aprendizaje para mi vida\u00bb.<\/p>\n<p><strong>El futuro:<\/strong> \u00abNo he pensado c\u00f3mo plante\u00e1rmelo. Llevo cinco semanas entrenando y mi objetivo principal era sentirme portero dentro del campo para recuperar sensaciones. Ese el objetivo a corto plazo. El otro d\u00eda una persona me dijo que cuando el ni\u00f1o muere el futbolista se acaba, y mi ni\u00f1o est\u00e1 muy vivo ah\u00ed dentro\u00bb.<\/p>\n<p><strong>Papel de capit\u00e1n en crisis:<\/strong> \u00abEs una situaci\u00f3n at\u00edpica. He lidiado como mi situaci\u00f3n personal y con la del equipo. No es sencillo en din\u00e1micas negativas que todas las cabezas est\u00e9n en positivo. Dentro de eso, lo que he intentado hacer por encima de todo es que priorice el grupo, y se ha entendido de esa forma, trabajando con mucha energ\u00eda y con ganas de sacarlo adelante\u00bb.<\/p>\n<p><strong>La calculadora:<\/strong> \u00abLo afrontamos con responsabilidad de saber en d\u00f3nde estamos parados y con much\u00edsima seriedad Eso marcar\u00e1 la temporada. Sacar la permanencia cuanto antes. Responsabilidad es la \u00fanica palabra que contemplo y dejar a un lado la ansiedad, apret\u00e1ndonos todos juntos par ganar el pr\u00f3ximo partido y afrontar con tranquilidad el resto de los encuentros\u00bb.<\/p>\n<p><strong>No rendirse:<\/strong> \u00abLas reca\u00eddas son muy complicadas. A mis 38 a\u00f1os no tuve la serenidad de esperar una semana m\u00e1s para estar mejor. Desde luego no pens\u00e9 en retirarme. Ahora lo tengo que vivir el d\u00eda a d\u00eda, semana a semana, y as\u00ed a lo mejor juego hasta los 42 a\u00f1os\u00bb.<\/p>\n<p><strong>En contra del fracaso:<\/strong> \u00abNunca he medido mi vida con la vara del \u00e9xito y el fracaso. Porque as\u00ed podr\u00eda decir me tendr\u00eda que sentir un fracasado estas siete temporadas por no ascender, pero no me siento as\u00ed. Es cierto, s\u00ed, estamos lej\u00edsimos de donde quer\u00edamos estar despu\u00e9s de ganar cinco partidos consecutivos, pero sentirme fracasado ir\u00eda en contra de mi propio trabajo\u00bb.<\/p>\n<p>&nbsp;<\/p>\n","protected":false},"excerpt":{"rendered":"<p>C\u00f3mo se vio en el regreso: \u00abNo fue el regreso so\u00f1ado, desde luego. La nota positiva es que acab\u00e9 f\u00edsicamente bien y esta semana he vuelto a entrenarme cargado de ilusi\u00f3n\u00bb. La derrota: \u00abEs normal estar preocupado despu\u00e9s de 1-3 en La Romareda en un partido que pod\u00eda alejarnos de <a class=\"read-more\" href=\"https:\/\/principesdeparis.es\/principes\/cristian-nunca-pense-en-la-retirada\/\">Sigue leyendo<\/a><\/p>\n","protected":false},"author":2,"featured_media":15105,"comment_status":"open","ping_status":"open","sticky":false,"template":"","format":"standard","meta":{"footnotes":""},"categories":[13,1],"tags":[],"class_list":["post-15104","post","type-post","status-publish","format-standard","has-post-thumbnail","hentry","category-publicidad","category-real-zaragoza"],"_links":{"self":[{"href":"https:\/\/principesdeparis.es\/principes\/wp-json\/wp\/v2\/posts\/15104","targetHints":{"allow":["GET"]}}],"collection":[{"href":"https:\/\/principesdeparis.es\/principes\/wp-json\/wp\/v2\/posts"}],"about":[{"href":"https:\/\/principesdeparis.es\/principes\/wp-json\/wp\/v2\/types\/post"}],"author":[{"embeddable":true,"href":"https:\/\/principesdeparis.es\/principes\/wp-json\/wp\/v2\/users\/2"}],"replies":[{"embeddable":true,"href":"https:\/\/principesdeparis.es\/principes\/wp-json\/wp\/v2\/comments?post=15104"}],"version-history":[{"count":1,"href":"https:\/\/principesdeparis.es\/principes\/wp-json\/wp\/v2\/posts\/15104\/revisions"}],"predecessor-version":[{"id":15106,"href":"https:\/\/principesdeparis.es\/principes\/wp-json\/wp\/v2\/posts\/15104\/revisions\/15106"}],"wp:featuredmedia":[{"embeddable":true,"href":"https:\/\/principesdeparis.es\/principes\/wp-json\/wp\/v2\/media\/15105"}],"wp:attachment":[{"href":"https:\/\/principesdeparis.es\/principes\/wp-json\/wp\/v2\/media?parent=15104"}],"wp:term":[{"taxonomy":"category","embeddable":true,"href":"https:\/\/principesdeparis.es\/principes\/wp-json\/wp\/v2\/categories?post=15104"},{"taxonomy":"post_tag","embeddable":true,"href":"https:\/\/principesdeparis.es\/principes\/wp-json\/wp\/v2\/tags?post=15104"}],"curies":[{"name":"wp","href":"https:\/\/api.w.org\/{rel}","templated":true}]}}