{"id":15116,"date":"2024-05-09T21:59:28","date_gmt":"2024-05-09T21:59:28","guid":{"rendered":"https:\/\/principesdeparis.es\/principes\/?p=15116"},"modified":"2024-05-09T21:59:28","modified_gmt":"2024-05-09T21:59:28","slug":"todos-los-dias-son-10-de-mayo","status":"publish","type":"post","link":"https:\/\/principesdeparis.es\/principes\/todos-los-dias-son-10-de-mayo\/","title":{"rendered":"Todos los d\u00edas son 10 de mayo"},"content":{"rendered":"<p style=\"text-align: center;\"><em><strong>No pasa el tiempo en la memoria de los que vivieron la conquista de la Recopa en 1995 ni en quienes han heredado su recuerdo como hito de la grandeza del Real Zaragoza y su eterna victoria sobre las sombras<\/strong><\/em><\/p>\n<p>Aunque hoy amanece el d\u00eda con el 29\u00ba aniversario de la conquista de la Recopa, un 10 de mayo de 1995 en el Parque de los Pr\u00edncipes frente al Arsenal con el gol m\u00e1s bello jam\u00e1s visto y so\u00f1ado, como calific\u00f3 muchos a\u00f1os despu\u00e9s el prestigioso diario franc\u00e9s L&#8217;Equipe la bomba teledirigida de Nayim, el tiempo no pasa por ese instante que encumbr\u00f3 a un Real Zaragoza majestuoso. Aquel equipo valiente, hermoso, rebelde y ganador, digno heredero de las generaciones de Los Magn\u00edficos y Los Zaraguayos, permanece incorrupto en la memoria de los que vivieron la consecuci\u00f3n del t\u00edtulo continental y en quienes han heredado su recuerdo como hito de la grandeza del Real Zaragoza, vencedor sobre las sombras que ahora circundan su luz eterna. No tienen cabida en el fondo de aquel trofeo la a\u00f1oranza, la melancol\u00eda ni la comparaci\u00f3n. Porque aquella noche posee un poder sobrenatural que se regenera sin pausa, como el agua del manantial de las ilusiones. De aquellos h\u00e9roes pero sobre todo chicos y futbolistas fant\u00e1sticos, con una personalidad que mezclaba salvajes embrujos individuales para conformar un grupo \u00fanico, todav\u00eda sigue en activo su entrenador, V\u00edctor Fern\u00e1ndez, un t\u00e9cnico que dej\u00f3 su huella por c\u00f3mo concedi\u00f3 la libertad m\u00e1s absoluta de expresi\u00f3n a los artistas que comulgaban tambi\u00e9n en su irreverente altar. Hoy, si se fijan bien, V\u00edctor no tendr\u00e1 las sienes pobladas de canas porque como todos los jugadores y aficionados que hicieron arder Par\u00eds, el 10 de mayo ejercer\u00e1 el proceso de rejuvenecimiento que marcan las agujas inmortales del coraz\u00f3n. La Recopa fue un sentimiento desde el mismo instante que acab\u00f3 el encuentro y figura en las vitrinas de la pertenencia universal para orgullo del hincha que hizo de sus venas un canal sin trabas para la euforia y para sus hijos y sus nietos, contagiados por el entusiasta relato que ya es suyo.<\/p>\n<p>Dentro de unas horas, cuando empiece a caer la noche, Cedr\u00fan, Belsu\u00e9, Aguado, C\u00e1ceres, Solana, Arag\u00f3n, Nayim, Poyet, Pardeza, Higuera y Esn\u00e1ider saltar\u00e1n al c\u00e9sped frente a un ca\u00f1\u00f3n de rival, el Arsenal, vigente campe\u00f3n del torneo. Juanmi, Geli, Garc\u00eda Sanju\u00e1n, \u00d3scar, Caf\u00fa, Dar\u00edo Franco, Belman, Loreto, Lizarralde, Sergi el muchacho del meg\u00e1fono, Cuartero e \u00cd\u00f1igo, el resto de los componentes de aquella plantilla musical, se sentar\u00e1n inquietos en el banquillo o en la grada, muy cerca de Alfonso Solans Serrano, el presidente de mano de hierro y sinceridad sin filtro. Nadie lo sospecha, pero esperan 120 minutos, un partido \u00e1spero, una final digna de los oponentes, m\u00e1s f\u00edsicos los ingleses, m\u00e1s detallista el Real Zaragoza. No vamos a dar m\u00e1s pistas de lo que sucedi\u00f3 porque est\u00e1 todo escrito aunque se reescriba sobre el aroma de una historia que renace una y un mill\u00f3n de veces. Merece la pena volver a sentir aquella atm\u00f3sfera de respiraciones nerviosas, 17.000 c\u00e1nticos de esperanza, de banderas al viento parisino que ondeaban algo extraordinario mientras Carlos Lapetra se acomodaba en la cabina de radio para comentar la cita con sus excompa\u00f1eros de los sesenta en una de sus \u00faltimas apariciones antes de que en Nochebuena se fuera para siempre sin marcharse jam\u00e1s. La Recopa fue y es mucho m\u00e1s que la Recopa, y as\u00ed viaja su onda expansiva por un espacio sin leyes de gravedad, columpi\u00e1ndose del Parque de los Pr\u00edncipes a La Romareda con miles de almas de le\u00f3n que asisten a su coronaci\u00f3n y la del Real Zaragoza sin m\u00e1s fecha en el calendario que el 10 de mayo. Como ma\u00f1ana y pasado ma\u00f1ana hasta llegar al 30\u00ba aniversario encima del bal\u00f3n que Nayim nos volver\u00e1 a regalar desde las estrellas.<\/p>\n","protected":false},"excerpt":{"rendered":"<p>No pasa el tiempo en la memoria de los que vivieron la conquista de la Recopa en 1995 ni en quienes han heredado su recuerdo como hito de la grandeza del Real Zaragoza y su eterna victoria sobre las sombras Aunque hoy amanece el d\u00eda con el 29\u00ba aniversario de <a class=\"read-more\" href=\"https:\/\/principesdeparis.es\/principes\/todos-los-dias-son-10-de-mayo\/\">Sigue leyendo<\/a><\/p>\n","protected":false},"author":2,"featured_media":15117,"comment_status":"open","ping_status":"open","sticky":false,"template":"","format":"standard","meta":{"footnotes":""},"categories":[13,1],"tags":[],"class_list":["post-15116","post","type-post","status-publish","format-standard","has-post-thumbnail","hentry","category-publicidad","category-real-zaragoza"],"_links":{"self":[{"href":"https:\/\/principesdeparis.es\/principes\/wp-json\/wp\/v2\/posts\/15116","targetHints":{"allow":["GET"]}}],"collection":[{"href":"https:\/\/principesdeparis.es\/principes\/wp-json\/wp\/v2\/posts"}],"about":[{"href":"https:\/\/principesdeparis.es\/principes\/wp-json\/wp\/v2\/types\/post"}],"author":[{"embeddable":true,"href":"https:\/\/principesdeparis.es\/principes\/wp-json\/wp\/v2\/users\/2"}],"replies":[{"embeddable":true,"href":"https:\/\/principesdeparis.es\/principes\/wp-json\/wp\/v2\/comments?post=15116"}],"version-history":[{"count":1,"href":"https:\/\/principesdeparis.es\/principes\/wp-json\/wp\/v2\/posts\/15116\/revisions"}],"predecessor-version":[{"id":15118,"href":"https:\/\/principesdeparis.es\/principes\/wp-json\/wp\/v2\/posts\/15116\/revisions\/15118"}],"wp:featuredmedia":[{"embeddable":true,"href":"https:\/\/principesdeparis.es\/principes\/wp-json\/wp\/v2\/media\/15117"}],"wp:attachment":[{"href":"https:\/\/principesdeparis.es\/principes\/wp-json\/wp\/v2\/media?parent=15116"}],"wp:term":[{"taxonomy":"category","embeddable":true,"href":"https:\/\/principesdeparis.es\/principes\/wp-json\/wp\/v2\/categories?post=15116"},{"taxonomy":"post_tag","embeddable":true,"href":"https:\/\/principesdeparis.es\/principes\/wp-json\/wp\/v2\/tags?post=15116"}],"curies":[{"name":"wp","href":"https:\/\/api.w.org\/{rel}","templated":true}]}}