{"id":15197,"date":"2024-05-14T10:48:05","date_gmt":"2024-05-14T10:48:05","guid":{"rendered":"https:\/\/principesdeparis.es\/principes\/?p=15197"},"modified":"2024-05-25T11:31:53","modified_gmt":"2024-05-25T11:31:53","slug":"quien-deberia-configurar-la-plantilla-24-25","status":"publish","type":"post","link":"https:\/\/principesdeparis.es\/principes\/quien-deberia-configurar-la-plantilla-24-25\/","title":{"rendered":"\u00bfQui\u00e9n deber\u00eda configurar la plantilla 24-25?"},"content":{"rendered":"<p>A la espera de que se confirme la permanencia matem\u00e1tica, el Real Zaragoza no parece que haya realizado movimiento alguno en firme para la construcci\u00f3n de la plantilla para la pr\u00f3xima temporada. El p\u00e9simo rendimiento de la mayor\u00eda de los fichajes realizados por Juan Carlos Cordero y el pobre rendimiento del equipo le sit\u00faan en un contexto complicado frente a la propiedad, tambi\u00e9n muy se\u00f1alada y que habr\u00eda perdido mucha confianza en el director deportivo. El ejecutivo podr\u00eda estar plante\u00e1ndose incluso una renuncia al cargo por las presiones que est\u00e1 sufriendo y por la situaci\u00f3n en la que quedar\u00eda si, como se ha insinuado, V\u00edctor Fern\u00e1ndez tuviera un peso capital en los fichajes de cara al pr\u00f3ximo curso. No existe sinton\u00eda entre ambos, ya que Cordero fue uno de los que se neg\u00f3 en redondo a la contrataci\u00f3n del t\u00e9cnico zaragozano cuando fue sugerido tras la destituci\u00f3n de Fran Escrib\u00e1 e impuesto despu\u00e9s de el despido de Julio Vel\u00e1zquez. El entrenador cuesti\u00f3n hace unos d\u00edas el trabajo de Cordero en la rueda de prensa previa al encuentro en Oviedo. Pr\u00edncipes de Par\u00eds propone una encuesta para conocer cu\u00e1l es la opini\u00f3n de sus lectores en relaci\u00f3n a c\u00f3mo y sobre todo qui\u00e9n deber\u00eda de tener m\u00e1s peso en la configuraci\u00f3n del equipo en cuanto se confirme la salvaci\u00f3n.<\/p>\n<p><strong>(Al cierre de la votaci\u00f3n, los lectores han considerado que deber\u00eda ser V\u00edctor Fern\u00e1ndez el responsable de esa configuraci\u00f3n del futuro inmediato, descartando pr\u00e1cticamente la opci\u00f3n de que lo haga Juan Carlos Cordero. La segunda alternativa m\u00e1s valorada es que ese trabajo corresponda a un nuevo entrenador y a un nuevo director deportivo).<\/strong><\/p>\n<div id=\"polls-134\" class=\"wp-polls\">\n\t\t<p style=\"text-align: center;\"><strong>\u00bfQui\u00e9n deber\u00eda tener el mayor peso en la configuraci\u00f3n de la pr\u00f3xima plantilla?<\/strong><\/p><div id=\"polls-134-ans\" class=\"wp-polls-ans\"><ul class=\"wp-polls-ul\">\n\t\t<li>V\u00edctor Fern\u00e1ndez <small>(50%, 50 Votos)<\/small><div class=\"pollbar\" style=\"width: 50%;\" title=\"V\u00edctor Fern\u00e1ndez (50% | 50 Votos)\"><\/div><\/li>\n\t\t<li>Un nuevo director deportivo y un nuevo entrenador <small>(22%, 22 Votos)<\/small><div class=\"pollbar\" style=\"width: 22%;\" title=\"Un nuevo director deportivo y un nuevo entrenador (22% | 22 Votos)\"><\/div><\/li>\n\t\t<li>El consenso entre ambos <small>(17%, 17 Votos)<\/small><div class=\"pollbar\" style=\"width: 17%;\" title=\"El consenso entre ambos (17% | 17 Votos)\"><\/div><\/li>\n\t\t<li>Un nuevo director deportivo <small>(6%, 6 Votos)<\/small><div class=\"pollbar\" style=\"width: 6%;\" title=\"Un nuevo director deportivo (6% | 6 Votos)\"><\/div><\/li>\n\t\t<li>Juan Carlos Cordero <small>(4%, 4 Votos)<\/small><div class=\"pollbar\" style=\"width: 4%;\" title=\"Juan Carlos Cordero (4% | 4 Votos)\"><\/div><\/li>\n\t\t<li>Un nuevo entrenador <small>(1%, 1 Votos)<\/small><div class=\"pollbar\" style=\"width: 1%;\" title=\"Un nuevo entrenador (1% | 1 Votos)\"><\/div><\/li>\n\t\t<\/ul><p style=\"text-align: center;\">Votantes totales: <strong>100<\/strong><\/p><\/div>\n\t\t<input type=\"hidden\" id=\"poll_134_nonce\" name=\"wp-polls-nonce\" value=\"de35154a6a\" \/>\n<\/div>\n<div id=\"polls-134-loading\" class=\"wp-polls-loading\"><img loading=\"lazy\" decoding=\"async\" src=\"https:\/\/principesdeparis.es\/principes\/wp-content\/plugins\/wp-polls\/images\/loading.gif\" width=\"16\" height=\"16\" alt=\"Cargando ...\" title=\"Cargando ...\" class=\"wp-polls-image\" \/>&nbsp;Cargando ...<\/div>\n\n","protected":false},"excerpt":{"rendered":"<p>A la espera de que se confirme la permanencia matem\u00e1tica, el Real Zaragoza no parece que haya realizado movimiento alguno en firme para la construcci\u00f3n de la plantilla para la pr\u00f3xima temporada. El p\u00e9simo rendimiento de la mayor\u00eda de los fichajes realizados por Juan Carlos Cordero y el pobre rendimiento <a class=\"read-more\" href=\"https:\/\/principesdeparis.es\/principes\/quien-deberia-configurar-la-plantilla-24-25\/\">Sigue leyendo<\/a><\/p>\n","protected":false},"author":2,"featured_media":15201,"comment_status":"open","ping_status":"open","sticky":false,"template":"","format":"standard","meta":{"footnotes":""},"categories":[13,1],"tags":[],"class_list":["post-15197","post","type-post","status-publish","format-standard","has-post-thumbnail","hentry","category-publicidad","category-real-zaragoza"],"_links":{"self":[{"href":"https:\/\/principesdeparis.es\/principes\/wp-json\/wp\/v2\/posts\/15197","targetHints":{"allow":["GET"]}}],"collection":[{"href":"https:\/\/principesdeparis.es\/principes\/wp-json\/wp\/v2\/posts"}],"about":[{"href":"https:\/\/principesdeparis.es\/principes\/wp-json\/wp\/v2\/types\/post"}],"author":[{"embeddable":true,"href":"https:\/\/principesdeparis.es\/principes\/wp-json\/wp\/v2\/users\/2"}],"replies":[{"embeddable":true,"href":"https:\/\/principesdeparis.es\/principes\/wp-json\/wp\/v2\/comments?post=15197"}],"version-history":[{"count":4,"href":"https:\/\/principesdeparis.es\/principes\/wp-json\/wp\/v2\/posts\/15197\/revisions"}],"predecessor-version":[{"id":15315,"href":"https:\/\/principesdeparis.es\/principes\/wp-json\/wp\/v2\/posts\/15197\/revisions\/15315"}],"wp:featuredmedia":[{"embeddable":true,"href":"https:\/\/principesdeparis.es\/principes\/wp-json\/wp\/v2\/media\/15201"}],"wp:attachment":[{"href":"https:\/\/principesdeparis.es\/principes\/wp-json\/wp\/v2\/media?parent=15197"}],"wp:term":[{"taxonomy":"category","embeddable":true,"href":"https:\/\/principesdeparis.es\/principes\/wp-json\/wp\/v2\/categories?post=15197"},{"taxonomy":"post_tag","embeddable":true,"href":"https:\/\/principesdeparis.es\/principes\/wp-json\/wp\/v2\/tags?post=15197"}],"curies":[{"name":"wp","href":"https:\/\/api.w.org\/{rel}","templated":true}]}}