{"id":15199,"date":"2024-05-15T11:08:52","date_gmt":"2024-05-15T11:08:52","guid":{"rendered":"https:\/\/principesdeparis.es\/principes\/?p=15199"},"modified":"2024-05-15T11:41:38","modified_gmt":"2024-05-15T11:41:38","slug":"el-jugador-numero-1-y-el-entrenador-numero-9","status":"publish","type":"post","link":"https:\/\/principesdeparis.es\/principes\/el-jugador-numero-1-y-el-entrenador-numero-9\/","title":{"rendered":"El jugador n\u00famero 1 y el entrenador n\u00famero 9"},"content":{"rendered":"<p style=\"text-align: center;\"><em><strong>La acumulaci\u00f3n de bajas, con la medular especialmente damnificada, no es excusa para recurrir a un dramatismo de garraf\u00f3n para reclamar a la afici\u00f3n frente a un Racing de Ferrol con tejido en gran parte de 1\u00aa RFEF<\/strong><\/em><\/p>\n<p>A casi nadie se le cae la cara de verg\u00fcenza en esta vida porque no es consciente de sus limitaciones o porque prefiere maquillarlas. El f\u00fatbol no es lugar ajeno a este tipo de mascaradas, y el Real Zaragoza se ha convertido en el rey de un carnaval deplorable. A\u00fan est\u00e1 en juego la confirmaci\u00f3n de su permanencia, que se producir\u00e1 s\u00ed o s\u00ed en una de las tres jornadas restantes despu\u00e9s de una temporada donde cada uno de sus protagonistas, desde los despachos al c\u00e9sped, habr\u00eda sido duramente recriminado o expulsado de su cargo cuando el socio ten\u00eda en su mano el poder. El pr\u00f3ximo domingo, el conjunto aragon\u00e9s dispone de la primera oportunidad de certificar su salvaci\u00f3n, y lo tendr\u00e1 que hacer duramente castigado por las ausencias, con la medular especialmente damnificada. Para este encuentro, importante pero en absoluto clave, V\u00edctor Fern\u00e1ndez y el club han prefabricado poco menos que una tragedia griega. Es cierto que Jaume Grau, tras la baja de \u00faltima hora de Moya y las ya conocidas de Francho y Aguado, es el \u00fanico jugador de la primera plantilla apto por naturaleza para actuar en esa zona. Cuando ocurren este tipo de incidencias graves, que por lo general afectan a muchos equipos a lo largo de un curso, los entrenadores, en lugar de esparcir lamentos en un constante funeral, se focalizan en hallar soluciones. Lucas Terrer o Vaquero, o ambos, van a tener que asumir la titularidad o minutos, aunque tambi\u00e9n hay otras opciones como el desplazamiento de futbolistas a esa parcela por desconocida y poco habitual que les resulte. Lo m\u00e1s l\u00f3gico, sensato y equilibrado es que uno chicos del filial est\u00e9 en el once, que por otra parte, al margen de este cambio, podr\u00eda ser el mismo que estuvo a punto de empatar en Oviedo.<\/p>\n<p>Terrer o Vaquero van a estar junto a Grau. \u00bfCu\u00e1l es el problema? \u00bfSu falta de experiencia? \u00bfUn cambio de escenario competitivo? El mensaje del cuerpo t\u00e9cnico ha tendido a la alarma. Se comprende su preocupaci\u00f3n, pero no ese pico de histeria. Donde los j\u00f3venes canteranos no alcanzan por veteran\u00eda, lo har\u00e1n por ilusi\u00f3n y por cualificaci\u00f3n para este momento puntual que les reclama y para que el que est\u00e1n preparados. En lugar de repasar las esquelas y llorarlas, V\u00edctor y sus ayudantes deber\u00edan centrarse al m\u00e1ximo en transmitir con rotundidad su fe y su confianza en quienes se van ocupar de ayudar al equipo en una situaci\u00f3n cr\u00edtica a la que se ha llegado por el conducto de la p\u00e9sima respuesta de los profesionales en todas las \u00e1reas. Estamos en la venta al por mayor de un dramatismo de garraf\u00f3n, reclamando a la afici\u00f3n como jugador n\u00famero 12 para una final cuando la hinchada siempre ha portado el dorsal 1 en importancia, compromiso, sentimiento y apoyo incondicional, especialmente en esta traves\u00eda de once campa\u00f1as por Segunda que la avalan como el gran sost\u00e9n emocional de la instituci\u00f3n, muy por encima de propiedades cuyo latidos se localiza en sus propios bolsillos. No hay extremos, no hay gol, no hay f\u00fatbol, no hay sangre en los ojos&#8230; Cordero es Belceb\u00fa. El director deportivo se ha equivocado a lo grande, pero hay que admitir de una vez que a su errores han colaborado jugadores sin pudor alguno en mostrar versiones insospechadas por pobres o por desinter\u00e9s.<\/p>\n<p>V\u00edctor Fern\u00e1ndez se ha encargado de cuestionar el trabajo del ejecutivo. Cordero, sin embargo, no ha aparecido todav\u00eda en p\u00fablico para comentar que de los diez t\u00e9cnicos que han acudido al rescate de diferentes conjuntos este a\u00f1o y a\u00fan permanecen en el puesto, el zaragozano es el segundo que peor n\u00fameros presenta, tan s\u00f3lo por detr\u00e1s de Ferr\u00e1n Costa, del Andorra. Con un porcentaje de un punto por partido le superan Alberto Gonz\u00e1lez (Albacete), Luis Miguel Carri\u00f3n (Real Oviedo), Juli\u00e1n Calero (Cartagena), Manolo Gonz\u00e1lez (Espanyol), Felipe Mi\u00f1ambres (Sporting), Jandro Castro (Amorebieta), Antonio Hidalgo (Huesca) y Mehdi Nafti (Alcorc\u00f3n). Tambi\u00e9n est\u00e1n por encima Luis Miguel Ramis (Espanyol) y Julio Vel\u00e1zquez (Real Zaragoza). Es un dato que te invita amablemente, como m\u00ednimo, a estar callado y a dejar de desviar la atenci\u00f3n sobre una funci\u00f3n incumplida, sobre un fracaso en toda regla trufado adem\u00e1s, por desconocimiento del lugar exacto al que llegabas, de promesas incumplidas con las que has empeorado la trayectoria de Fran Escrib\u00e1 y Julio Vel\u00e1zquez. S\u00f3lo falta que durante esa semana, se presente al Racing de Ferrol, como ya se ha hecho en otras rivales, como campe\u00f3n de la Bundesliga. Si se comparan plantillas que no rendimientos colectivos, los gallegos tienen un tejido de 1\u00aa RFEF en su vestuario, a a\u00f1os luz del de un Real Zaragoza econ\u00f3micamente mucho m\u00e1s poderoso, casi el doble. Recordar a la afici\u00f3n la trascendencia de este encuentro es de una insolencia suprema. Remarcar la carencia de efectivos, un clara se\u00f1al de cobard\u00eda. Lucas Terrer y Vaquero pueden colaborar a la permanencia este domingo y no entrar\u00e1n por la puerta de la leyenda, ese lugar que ha de alimentarse por s\u00ed mismo, no por visitarlo por miedo al olvido empu\u00f1ando una vieja hacha.<\/p>\n","protected":false},"excerpt":{"rendered":"<p>La acumulaci\u00f3n de bajas, con la medular especialmente damnificada, no es excusa para recurrir a un dramatismo de garraf\u00f3n para reclamar a la afici\u00f3n frente a un Racing de Ferrol con tejido en gran parte de 1\u00aa RFEF A casi nadie se le cae la cara de verg\u00fcenza en esta <a class=\"read-more\" href=\"https:\/\/principesdeparis.es\/principes\/el-jugador-numero-1-y-el-entrenador-numero-9\/\">Sigue leyendo<\/a><\/p>\n","protected":false},"author":2,"featured_media":15203,"comment_status":"open","ping_status":"open","sticky":false,"template":"","format":"standard","meta":{"footnotes":""},"categories":[13,1],"tags":[],"class_list":["post-15199","post","type-post","status-publish","format-standard","has-post-thumbnail","hentry","category-publicidad","category-real-zaragoza"],"_links":{"self":[{"href":"https:\/\/principesdeparis.es\/principes\/wp-json\/wp\/v2\/posts\/15199","targetHints":{"allow":["GET"]}}],"collection":[{"href":"https:\/\/principesdeparis.es\/principes\/wp-json\/wp\/v2\/posts"}],"about":[{"href":"https:\/\/principesdeparis.es\/principes\/wp-json\/wp\/v2\/types\/post"}],"author":[{"embeddable":true,"href":"https:\/\/principesdeparis.es\/principes\/wp-json\/wp\/v2\/users\/2"}],"replies":[{"embeddable":true,"href":"https:\/\/principesdeparis.es\/principes\/wp-json\/wp\/v2\/comments?post=15199"}],"version-history":[{"count":6,"href":"https:\/\/principesdeparis.es\/principes\/wp-json\/wp\/v2\/posts\/15199\/revisions"}],"predecessor-version":[{"id":15208,"href":"https:\/\/principesdeparis.es\/principes\/wp-json\/wp\/v2\/posts\/15199\/revisions\/15208"}],"wp:featuredmedia":[{"embeddable":true,"href":"https:\/\/principesdeparis.es\/principes\/wp-json\/wp\/v2\/media\/15203"}],"wp:attachment":[{"href":"https:\/\/principesdeparis.es\/principes\/wp-json\/wp\/v2\/media?parent=15199"}],"wp:term":[{"taxonomy":"category","embeddable":true,"href":"https:\/\/principesdeparis.es\/principes\/wp-json\/wp\/v2\/categories?post=15199"},{"taxonomy":"post_tag","embeddable":true,"href":"https:\/\/principesdeparis.es\/principes\/wp-json\/wp\/v2\/tags?post=15199"}],"curies":[{"name":"wp","href":"https:\/\/api.w.org\/{rel}","templated":true}]}}