{"id":15242,"date":"2024-05-19T18:12:21","date_gmt":"2024-05-19T18:12:21","guid":{"rendered":"https:\/\/principesdeparis.es\/principes\/?p=15242"},"modified":"2024-05-19T18:18:02","modified_gmt":"2024-05-19T18:18:02","slug":"terrer-y-mollejo-entran-en-el-once","status":"publish","type":"post","link":"https:\/\/principesdeparis.es\/principes\/terrer-y-mollejo-entran-en-el-once\/","title":{"rendered":"Terrer y Mollejo entran en el once"},"content":{"rendered":"<p>Se han despejado todas las dudas sobre qui\u00e9n se encargar\u00eda de cubrir la baja de Toni Moya en un centro del campo muy perjudicado por las ausencias, con Grau como \u00fanico futbolista natural para esa zona en este encuentro. Al final se ha impuesto la l\u00f3gica y ser\u00e1 el canterano Lucas Terrer el encargado de jugar en el eje del centro del campo. La otra novedad en el once contra el Racing de Ferrol es la de V\u00edctor Mollejo, lejos de la titularidad desde la jornada 31, cuando se lesion\u00f3 frente al Espanyol. El dibujo tambi\u00e9n var\u00eda: V\u00edctor Fern\u00e1ndez sale con una l\u00ednea de cuatro atr\u00e1s para dejar fuera a Mouri\u00f1o, mientras que los costados de la medular ser\u00e1n para Liso y Mollejo, con Maikel Mesa por detr\u00e1s de Az\u00f3n. El Real Zaragoza, con la informaci\u00f3n de los resultados de sus perseguidores, ya sabe que si gana a los gallegos se salvar\u00e1 matem\u00e1ticamente con 49 puntos.<\/p>\n<p>La alineaci\u00f3n del Racing de Ferrol<\/p>\n<blockquote class=\"twitter-tweet\">\n<p lang=\"es\" dir=\"ltr\">&#x1f44b; \u00a1Moi boas noites familia!<\/p>\n<p>&#x1f4cb;&#x1f465; Xornada 40, esta \u00e9 a nosa ali\u00f1aci\u00f3n &#x1f19a; <a href=\"https:\/\/twitter.com\/RealZaragoza?ref_src=twsrc%5Etfw\">@RealZaragoza<\/a> <a href=\"https:\/\/twitter.com\/hashtag\/RealZaragozaRacingFerrol?src=hash&amp;ref_src=twsrc%5Etfw\">#RealZaragozaRacingFerrol<\/a> <a href=\"https:\/\/twitter.com\/hashtag\/OpaRacing?src=hash&amp;ref_src=twsrc%5Etfw\">#OpaRacing<\/a> &#x1f49a;<a href=\"https:\/\/twitter.com\/hashtag\/LaLigaHypermotion?src=hash&amp;ref_src=twsrc%5Etfw\">#LaLigaHypermotion<\/a> <a href=\"https:\/\/t.co\/71UfgB1ZlO\">pic.twitter.com\/71UfgB1ZlO<\/a><\/p>\n<p>&mdash; Racing Club Ferrol (@racingferrolsad) <a href=\"https:\/\/twitter.com\/racingferrolsad\/status\/1792251948525044110?ref_src=twsrc%5Etfw\">May 19, 2024<\/a><\/p><\/blockquote>\n<p> <script async src=\"https:\/\/platform.twitter.com\/widgets.js\" charset=\"utf-8\"><\/script><\/p>\n<p>Recibimiento al Real Zaragoza<\/p>\n<blockquote class=\"twitter-tweet\">\n<p lang=\"pt\" dir=\"ltr\">A pelear   <a href=\"https:\/\/t.co\/8otDIzmXAc\">pic.twitter.com\/8otDIzmXAc<\/a><\/p>\n<p>&mdash; Real Zaragoza  (@RealZaragoza) <a href=\"https:\/\/twitter.com\/RealZaragoza\/status\/1792250740427153618?ref_src=twsrc%5Etfw\">May 19, 2024<\/a><\/p><\/blockquote>\n<p> <script async src=\"https:\/\/platform.twitter.com\/widgets.js\" charset=\"utf-8\"><\/script><\/p>\n","protected":false},"excerpt":{"rendered":"<p>Se han despejado todas las dudas sobre qui\u00e9n se encargar\u00eda de cubrir la baja de Toni Moya en un centro del campo muy perjudicado por las ausencias, con Grau como \u00fanico futbolista natural para esa zona en este encuentro. Al final se ha impuesto la l\u00f3gica y ser\u00e1 el canterano <a class=\"read-more\" href=\"https:\/\/principesdeparis.es\/principes\/terrer-y-mollejo-entran-en-el-once\/\">Sigue leyendo<\/a><\/p>\n","protected":false},"author":2,"featured_media":15243,"comment_status":"open","ping_status":"open","sticky":false,"template":"","format":"standard","meta":{"footnotes":""},"categories":[13,1],"tags":[],"class_list":["post-15242","post","type-post","status-publish","format-standard","has-post-thumbnail","hentry","category-publicidad","category-real-zaragoza"],"_links":{"self":[{"href":"https:\/\/principesdeparis.es\/principes\/wp-json\/wp\/v2\/posts\/15242","targetHints":{"allow":["GET"]}}],"collection":[{"href":"https:\/\/principesdeparis.es\/principes\/wp-json\/wp\/v2\/posts"}],"about":[{"href":"https:\/\/principesdeparis.es\/principes\/wp-json\/wp\/v2\/types\/post"}],"author":[{"embeddable":true,"href":"https:\/\/principesdeparis.es\/principes\/wp-json\/wp\/v2\/users\/2"}],"replies":[{"embeddable":true,"href":"https:\/\/principesdeparis.es\/principes\/wp-json\/wp\/v2\/comments?post=15242"}],"version-history":[{"count":3,"href":"https:\/\/principesdeparis.es\/principes\/wp-json\/wp\/v2\/posts\/15242\/revisions"}],"predecessor-version":[{"id":15246,"href":"https:\/\/principesdeparis.es\/principes\/wp-json\/wp\/v2\/posts\/15242\/revisions\/15246"}],"wp:featuredmedia":[{"embeddable":true,"href":"https:\/\/principesdeparis.es\/principes\/wp-json\/wp\/v2\/media\/15243"}],"wp:attachment":[{"href":"https:\/\/principesdeparis.es\/principes\/wp-json\/wp\/v2\/media?parent=15242"}],"wp:term":[{"taxonomy":"category","embeddable":true,"href":"https:\/\/principesdeparis.es\/principes\/wp-json\/wp\/v2\/categories?post=15242"},{"taxonomy":"post_tag","embeddable":true,"href":"https:\/\/principesdeparis.es\/principes\/wp-json\/wp\/v2\/tags?post=15242"}],"curies":[{"name":"wp","href":"https:\/\/api.w.org\/{rel}","templated":true}]}}