{"id":15270,"date":"2024-05-20T17:03:20","date_gmt":"2024-05-20T17:03:20","guid":{"rendered":"https:\/\/principesdeparis.es\/principes\/?p=15270"},"modified":"2024-05-21T10:31:47","modified_gmt":"2024-05-21T10:31:47","slug":"la-cantera-salva-al-real-zaragoza","status":"publish","type":"post","link":"https:\/\/principesdeparis.es\/principes\/la-cantera-salva-al-real-zaragoza\/","title":{"rendered":"La cantera salva al Real Zaragoza"},"content":{"rendered":"<p style=\"text-align: center;\"><em><strong>Las posibilidades de que el conjunto aragon\u00e9s desciendan son \u00ednfimas gracias a la participaci\u00f3n de los jugadores de la casa en ocho de los diez \u00faltimos puntos<\/strong><\/em><\/p>\n<p>El Real Zaragoza ha sumado 10 de los 30 \u00faltimos puntos posibles, y ocho de ellos han tenido de protagonistas a los canteranos. Los \u00faltimos, Az\u00f3n, Liso y Franc\u00e9s en el encuentro empatado frente al Racing de Ferrol, un punto que no le libera del peligro por completo pero que le pone en bandeja la permanencia. Salvo Mesa, nadie m\u00e1s ha aparecido para aportar algo importante desde que V\u00edctor Fern\u00e1ndez se hizo cargo del equipo, quien no s\u00f3lo ha sido incapaz de lograr un fin de curso sin sobresaltos sino que ha acentuado la crisis al m\u00e1ximo. La mayor contribuci\u00f3n del t\u00e9cnico, nada despreciable, es su decidida apuesta por Adri\u00e1n Liso despu\u00e9s de intentar resucitar a un Sinan Bakis pr\u00e1cticamente embalsamado toda la temporada. El futbolista juvenil marc\u00f3 el primer tanto de la cita frente al cuadro gallego tras atacar un bal\u00f3n peinado por Az\u00f3n. Cuando e mascaba la tragedia, Enrich estren\u00f3 su cuenta realizadora y evit\u00f3 la derrota. \u00bfPero qui\u00e9n tuvo la sangre fr\u00eda, el toque preciso y la decisi\u00f3n para ponerle un centro caramelizado en el minuto 91, en pleno ataque de nervios? <strong>Alejandro Franc\u00e9s<\/strong> hizo de ese centrocampista que nunca ha existido, capaz de una medici\u00f3n exacta de lo que hab\u00eda que hacer en el ojo del hurac\u00e1n.<\/p>\n<p>En la primera de las victorias con V\u00edctor al mando, ante el Tenerife (3-1), <strong>Francho<\/strong> inaugur\u00f3 el marcador y <strong>Az\u00f3n<\/strong> deshizo la igualada que hab\u00eda establecido \u00c1ngel con un disparo de categor\u00eda. Con el Elche en el Municipal, Mario Gaspar puso por delante a los ilicitanos y Az\u00f3n rescat\u00f3 un punto (1-1) con una acci\u00f3n magn\u00edfica de fuerza y finalizaci\u00f3n que naci\u00f3 en un pelotazo de <strong>Marc Aguado<\/strong>. La visita a Huesca ten\u00eda aroma a encuentro decisivo y las circunstancias actuales han elevado su trascendencia. Loureiro adelant\u00f3 a los azulgrana y <strong>Liso<\/strong> se encarg\u00f3 el solo de igualar las fuerzas. Despu\u00e9s, Mesa, con un penalti cometido sobre \u00e9l mismo, firm\u00f3 un triunfo al que el tiempo ha subido al altar (1-2). El peso de los chicos de la Ciudad Deportiva frente a la deserci\u00f3n general de rendimientos individuales de la mayor\u00eda de sus compa\u00f1eros ha resultado capital: cinco goles de siete para lograr alg\u00fan bot\u00edn en este tramo del campeonato y tres asistencias.<\/p>\n","protected":false},"excerpt":{"rendered":"<p>Las posibilidades de que el conjunto aragon\u00e9s desciendan son \u00ednfimas gracias a la participaci\u00f3n de los jugadores de la casa en ocho de los diez \u00faltimos puntos El Real Zaragoza ha sumado 10 de los 30 \u00faltimos puntos posibles, y ocho de ellos han tenido de protagonistas a los canteranos. <a class=\"read-more\" href=\"https:\/\/principesdeparis.es\/principes\/la-cantera-salva-al-real-zaragoza\/\">Sigue leyendo<\/a><\/p>\n","protected":false},"author":2,"featured_media":15271,"comment_status":"open","ping_status":"open","sticky":false,"template":"","format":"standard","meta":{"footnotes":""},"categories":[13,1],"tags":[],"class_list":["post-15270","post","type-post","status-publish","format-standard","has-post-thumbnail","hentry","category-publicidad","category-real-zaragoza"],"_links":{"self":[{"href":"https:\/\/principesdeparis.es\/principes\/wp-json\/wp\/v2\/posts\/15270","targetHints":{"allow":["GET"]}}],"collection":[{"href":"https:\/\/principesdeparis.es\/principes\/wp-json\/wp\/v2\/posts"}],"about":[{"href":"https:\/\/principesdeparis.es\/principes\/wp-json\/wp\/v2\/types\/post"}],"author":[{"embeddable":true,"href":"https:\/\/principesdeparis.es\/principes\/wp-json\/wp\/v2\/users\/2"}],"replies":[{"embeddable":true,"href":"https:\/\/principesdeparis.es\/principes\/wp-json\/wp\/v2\/comments?post=15270"}],"version-history":[{"count":4,"href":"https:\/\/principesdeparis.es\/principes\/wp-json\/wp\/v2\/posts\/15270\/revisions"}],"predecessor-version":[{"id":15275,"href":"https:\/\/principesdeparis.es\/principes\/wp-json\/wp\/v2\/posts\/15270\/revisions\/15275"}],"wp:featuredmedia":[{"embeddable":true,"href":"https:\/\/principesdeparis.es\/principes\/wp-json\/wp\/v2\/media\/15271"}],"wp:attachment":[{"href":"https:\/\/principesdeparis.es\/principes\/wp-json\/wp\/v2\/media?parent=15270"}],"wp:term":[{"taxonomy":"category","embeddable":true,"href":"https:\/\/principesdeparis.es\/principes\/wp-json\/wp\/v2\/categories?post=15270"},{"taxonomy":"post_tag","embeddable":true,"href":"https:\/\/principesdeparis.es\/principes\/wp-json\/wp\/v2\/tags?post=15270"}],"curies":[{"name":"wp","href":"https:\/\/api.w.org\/{rel}","templated":true}]}}