{"id":15276,"date":"2024-05-21T12:15:05","date_gmt":"2024-05-21T12:15:05","guid":{"rendered":"https:\/\/principesdeparis.es\/principes\/?p=15276"},"modified":"2024-05-21T12:15:05","modified_gmt":"2024-05-21T12:15:05","slug":"la-arbitraria-campana-contra-cordero-y-a-favor-de-victor","status":"publish","type":"post","link":"https:\/\/principesdeparis.es\/principes\/la-arbitraria-campana-contra-cordero-y-a-favor-de-victor\/","title":{"rendered":"La arbitraria campa\u00f1a contra Cordero y a favor de V\u00edctor"},"content":{"rendered":"<p style=\"text-align: center;\"><em><strong>El director deportivo es uno de los grandes responsables de la catastr\u00f3fica temporada, pero se le se\u00f1ala como principal culpable mientras el t\u00e9cnico, tambi\u00e9n responsable de la voladura del Real Zaragoza, recibe trato de mito y de compinche<\/strong><\/em><\/p>\n<p>Nunca sabremos si a Fran Escrib\u00e1 le mat\u00f3 Gaetan Poussin o si a Julio Vel\u00e1zquez le remat\u00f3 la grave lesi\u00f3n de Ra\u00fal Guti el d\u00eda de su regreso a La Romareda. En ambos casos, ambos entrenadores, sufridores de numerosas e importantes lesiones de futbolistas clave, acabaron naufragando v\u00edctimas de no saber c\u00f3mo reponerse a esos golpes, con decisiones en muchos casos inexplicables que terminaron conduci\u00e9ndoles al cadalso. V\u00edctor Fern\u00e1ndez ha seguido la misma l\u00ednea de sus antecesores, tambi\u00e9n con un desfile considerable de jugadores hacia la enfermer\u00eda y la misma incapacidad para hallar soluciones. Sin embargo, as\u00ed como sus colegas sufrieron el l\u00e1tigo de la cr\u00edtica, el t\u00e9cnico zaragozano recibe un trato amable que le concede gran parte de la afici\u00f3n por su pasaporte de mito del club y por la prensa compinche con la que comparte mesa y mantel y una amistad personal que pone en tela de juicio la objetividad de las opiniones sobre su labor en el Real Zaragoza. Diez puntos sobre 30 posibles aplastan los argumentos de cualquier abogado defensor actu\u00e9 por cari\u00f1o y por inter\u00e9s, con el equipo sin salvarse a dos jornadas de que finalice el campeonato.<\/p>\n<p>En todos los casos, en el centro de la diana ha aparecido Juan Carlos Cordero, arquitecto de una plantilla que se ha derrumbado por la mala elecci\u00f3n de muchas piezas y por el desolador rendimiento de otras, una productividad rid\u00edcula e insospechada cuando llegaron en el mercado de verano. Con Bakis, Manu Vallejo y Enrich a la cabeza y la colaboraci\u00f3n un Moya decepcionante y de la legi\u00f3n francesa. El director deportivo es uno de los grandes responsables de la catastr\u00f3fica temporada del conjunto aragon\u00e9s, tambi\u00e9n por su impericia en invierno para, como \u00e9l mismo reconoci\u00f3, conseguir un atacante que aportara talento a un equipo sin gol y redondeara las buenas adquisiciones de Bad\u00eda y Guti. No obstante, para valorar con una mayor y justa amplitud el trabajo del ejecutivo, un papel condicionado por la enorme influencia en el consejo de administraci\u00f3n zaragocista del Atl\u00e9tico, casi nunca le cubre el paraguas de las lesiones que ha tapizado el fracaso compartido con los entrenadores, sobre todo con un V\u00edctor Fern\u00e1ndez que adem\u00e1s de lamentarse a diario por las bajas ha cuestionado con descortes\u00eda e inoportunidad la labor de Cordero.<\/p>\n<p>El t\u00e9cnico y el director deportivo, que se opuso a su fichaje, no se pueden ni ver, pero al menos este \u00faltimo no lo ha manifestado p\u00fablicamente, con el equipo inmerso en una grave crisis. La afici\u00f3n sigue rendida a V\u00edctor sin que se le pase por alto que no ha estado a la altura de su leyenda de los 90. Aun as\u00ed, su figura ha tenido el efecto sedante que sus mecenas buscaban en la grada. Mientras el presente se juega en la caldera del infierno en el campo y en los despachos, el futuro que se empezar\u00e1 a gestionar cuando se confirme la salvaci\u00f3n est\u00e1 pendiente de si la propiedad seguir\u00e1 consintiendo ese pulso por el poder deportivo o lo zanjar\u00e1 con la salida de uno de los dos o la de ambos, que tienen contrato hasta 2025. La convivencia queda descartada, o si se produce no tardar\u00e1 en saltar por los aires. La llave maestra para construir un Real Zaragoza ambicioso, como siempre, no depender\u00e1 de quien se quede, sino de un fondo de inversi\u00f3n que ofrezca las herramientas adecuadas para dar un salto cualitativo considerable. Si se da ese improbable escenario, puede que Cordero no sea el director deportivo adecuado, pero bajo id\u00e9ntica sospecha estar\u00eda V\u00edctor Fern\u00e1ndez por mucho cari\u00f1o que le profese la hinchada o el nepotismo de mantel. Este callej\u00f3n apenas tiene salidas.<\/p>\n","protected":false},"excerpt":{"rendered":"<p>El director deportivo es uno de los grandes responsables de la catastr\u00f3fica temporada, pero se le se\u00f1ala como principal culpable mientras el t\u00e9cnico, tambi\u00e9n responsable de la voladura del Real Zaragoza, recibe trato de mito y de compinche Nunca sabremos si a Fran Escrib\u00e1 le mat\u00f3 Gaetan Poussin o si <a class=\"read-more\" href=\"https:\/\/principesdeparis.es\/principes\/la-arbitraria-campana-contra-cordero-y-a-favor-de-victor\/\">Sigue leyendo<\/a><\/p>\n","protected":false},"author":2,"featured_media":15278,"comment_status":"open","ping_status":"open","sticky":false,"template":"","format":"standard","meta":{"footnotes":""},"categories":[13,1],"tags":[],"class_list":["post-15276","post","type-post","status-publish","format-standard","has-post-thumbnail","hentry","category-publicidad","category-real-zaragoza"],"_links":{"self":[{"href":"https:\/\/principesdeparis.es\/principes\/wp-json\/wp\/v2\/posts\/15276","targetHints":{"allow":["GET"]}}],"collection":[{"href":"https:\/\/principesdeparis.es\/principes\/wp-json\/wp\/v2\/posts"}],"about":[{"href":"https:\/\/principesdeparis.es\/principes\/wp-json\/wp\/v2\/types\/post"}],"author":[{"embeddable":true,"href":"https:\/\/principesdeparis.es\/principes\/wp-json\/wp\/v2\/users\/2"}],"replies":[{"embeddable":true,"href":"https:\/\/principesdeparis.es\/principes\/wp-json\/wp\/v2\/comments?post=15276"}],"version-history":[{"count":1,"href":"https:\/\/principesdeparis.es\/principes\/wp-json\/wp\/v2\/posts\/15276\/revisions"}],"predecessor-version":[{"id":15277,"href":"https:\/\/principesdeparis.es\/principes\/wp-json\/wp\/v2\/posts\/15276\/revisions\/15277"}],"wp:featuredmedia":[{"embeddable":true,"href":"https:\/\/principesdeparis.es\/principes\/wp-json\/wp\/v2\/media\/15278"}],"wp:attachment":[{"href":"https:\/\/principesdeparis.es\/principes\/wp-json\/wp\/v2\/media?parent=15276"}],"wp:term":[{"taxonomy":"category","embeddable":true,"href":"https:\/\/principesdeparis.es\/principes\/wp-json\/wp\/v2\/categories?post=15276"},{"taxonomy":"post_tag","embeddable":true,"href":"https:\/\/principesdeparis.es\/principes\/wp-json\/wp\/v2\/tags?post=15276"}],"curies":[{"name":"wp","href":"https:\/\/api.w.org\/{rel}","templated":true}]}}