{"id":15288,"date":"2024-05-22T11:24:57","date_gmt":"2024-05-22T11:24:57","guid":{"rendered":"https:\/\/principesdeparis.es\/principes\/?p=15288"},"modified":"2024-05-22T11:26:54","modified_gmt":"2024-05-22T11:26:54","slug":"enrich-no-podemos-utilizar-las-lesiones-de-excusa-ocurre-siempre","status":"publish","type":"post","link":"https:\/\/principesdeparis.es\/principes\/enrich-no-podemos-utilizar-las-lesiones-de-excusa-ocurre-siempre\/","title":{"rendered":"Enrich: \u00abNo podemos utilizar las lesiones de excusa; ocurre siempre\u00bb"},"content":{"rendered":"<p><strong>La celebraci\u00f3n del gol:<\/strong> \u00abNos dio un punto important\u00edsimo. Sali\u00f3 esa euforia porque el punto era vital. Mis compa\u00f1eros me dijeron que no hab\u00eda tenido suerte esta temporada pero que conseguir\u00eda uno gol importante y por eso corr\u00ed a celebrarlo con ellos\u00bb.<\/p>\n<p><strong>Sin obsesi\u00f3n:<\/strong> \u00abNunca he sido un delantero de muchas cifras. He jugado por otro tipo de facetas, aunque s\u00ed ten\u00eda esa espina por no poder llegar a ayudar a mis compa\u00f1eros para lograr el objetivo\u00bb.<\/p>\n<p><strong>La temporada:<\/strong> \u00abMe gusta que termine la temporada para hablar. Hay altibajos y el equipo que sabe salir de esas rachas es lo que suelen estar arriba. Tuvimos una buena, luego nos cost\u00f3 mucho y ahora estamos en la realidad de luchar pro no descender y s\u00f3lo nos queda apretar los dientes\u00bb<\/p>\n<p><strong>El vestuario:<\/strong> \u00abYo fui uno de los que llor\u00f3 en el vestuario por muchos sentimientos enfrentados porque ese punto nos da impulso para ir a Santander a por tres puntos estamos convencidos que lograremos\u00bb.<\/p>\n<p><strong>Finales:<\/strong> \u00abGanando los dos partidos estamos salvados y eso intento transmitir al equipo. Nadie nos va a regalar nada. Luego vemos lo que pasa, pero en esta categor\u00eda nadie te da nada\u00bb.<\/p>\n<p><strong>Titularidad:<\/strong> \u00abLlevo luchando toda la temporada y estoy orgulloso. Era un proyecto ilusionante y a priori ten\u00eda que ser un a\u00f1o bonito. He vivido situaciones muy parecidas pero como estas, pocas. He intentado ayudar al grupo con mi punto de madurez. Me siento muy querido por los compa\u00f1eros y eso quiere decir algo. La recompensa del gol me anima a querer seguir peleando por jugar. Si me toca jugar encantado, y si no seguir\u00e9 haciendo lo mismo desde la posici\u00f3n que toque\u00bb.<\/p>\n<p><strong>El futuro:<\/strong> \u00abMe hubiera gustado tener m\u00e1s oportunidades pero estoy contento de mi reacci\u00f3n. Quiero acabar este a\u00f1o bien por m\u00ed y por el Real Zaragoza. Ahora estoy en una etapa de mi vida que miro el presente. Del futuro ya hablaremos\u00bb,<\/p>\n<p><strong>A\u00f1o complicado en lo personal:<\/strong> \u00abMentir\u00eda si dijera que no he pasado malos momentos. Me he centrado en ayudar a los j\u00f3venes y lo que dijo Iv\u00e1n sobre m\u00ed me llena orgullo. Me ha tocado ayudar de otras formas. Tengo una familia que me quiere y el culo pelado de vivir situaciones dif\u00edciles. Esto para m\u00ed&#8230; Es lo normal en el f\u00fatbol\u00bb.<\/p>\n<p><strong>Lesiones:<\/strong> \u00abLesiones hay siempre, Hay que contar con eso. Durante mi carrera siempre han ocurrido y no sirve de excusa porque tenemos una plantilla amplia y juegue quien juegue lo har\u00e1 bien\u00bb.<\/p>\n<p><strong>Adri\u00e1n Liso:<\/strong> \u00abMe gust\u00f3 ya en la pretemporada. Es potente y tiene mucho futuro. Nos est\u00e1 dando much\u00edsimo y ojal\u00e1 pueda cumplir sus sue\u00f1os\u00bb.<\/p>\n","protected":false},"excerpt":{"rendered":"<p>La celebraci\u00f3n del gol: \u00abNos dio un punto important\u00edsimo. Sali\u00f3 esa euforia porque el punto era vital. Mis compa\u00f1eros me dijeron que no hab\u00eda tenido suerte esta temporada pero que conseguir\u00eda uno gol importante y por eso corr\u00ed a celebrarlo con ellos\u00bb. Sin obsesi\u00f3n: \u00abNunca he sido un delantero de <a class=\"read-more\" href=\"https:\/\/principesdeparis.es\/principes\/enrich-no-podemos-utilizar-las-lesiones-de-excusa-ocurre-siempre\/\">Sigue leyendo<\/a><\/p>\n","protected":false},"author":2,"featured_media":15289,"comment_status":"open","ping_status":"open","sticky":false,"template":"","format":"standard","meta":{"footnotes":""},"categories":[13,1],"tags":[],"class_list":["post-15288","post","type-post","status-publish","format-standard","has-post-thumbnail","hentry","category-publicidad","category-real-zaragoza"],"_links":{"self":[{"href":"https:\/\/principesdeparis.es\/principes\/wp-json\/wp\/v2\/posts\/15288","targetHints":{"allow":["GET"]}}],"collection":[{"href":"https:\/\/principesdeparis.es\/principes\/wp-json\/wp\/v2\/posts"}],"about":[{"href":"https:\/\/principesdeparis.es\/principes\/wp-json\/wp\/v2\/types\/post"}],"author":[{"embeddable":true,"href":"https:\/\/principesdeparis.es\/principes\/wp-json\/wp\/v2\/users\/2"}],"replies":[{"embeddable":true,"href":"https:\/\/principesdeparis.es\/principes\/wp-json\/wp\/v2\/comments?post=15288"}],"version-history":[{"count":3,"href":"https:\/\/principesdeparis.es\/principes\/wp-json\/wp\/v2\/posts\/15288\/revisions"}],"predecessor-version":[{"id":15292,"href":"https:\/\/principesdeparis.es\/principes\/wp-json\/wp\/v2\/posts\/15288\/revisions\/15292"}],"wp:featuredmedia":[{"embeddable":true,"href":"https:\/\/principesdeparis.es\/principes\/wp-json\/wp\/v2\/media\/15289"}],"wp:attachment":[{"href":"https:\/\/principesdeparis.es\/principes\/wp-json\/wp\/v2\/media?parent=15288"}],"wp:term":[{"taxonomy":"category","embeddable":true,"href":"https:\/\/principesdeparis.es\/principes\/wp-json\/wp\/v2\/categories?post=15288"},{"taxonomy":"post_tag","embeddable":true,"href":"https:\/\/principesdeparis.es\/principes\/wp-json\/wp\/v2\/tags?post=15288"}],"curies":[{"name":"wp","href":"https:\/\/api.w.org\/{rel}","templated":true}]}}